{"id":1017,"date":"2023-04-13T10:28:31","date_gmt":"2023-04-13T10:28:31","guid":{"rendered":"http:\/\/hajnoczy.com\/wp\/?p=1017"},"modified":"2023-04-25T10:28:52","modified_gmt":"2023-04-25T10:28:52","slug":"diaknap-2023-2","status":"publish","type":"post","link":"http:\/\/hajnoczy.com\/wp\/2023\/04\/13\/diaknap-2023-2\/","title":{"rendered":"DI\u00c1KNAP 2023"},"content":{"rendered":"\n<p>Id\u00e9n is egy nap a di\u00e1kok\u00e9. A Di\u00e1k\u00f6nkorm\u00e1nyzat felm\u00e9rve a tanul\u00f3t\u00e1rsak ig\u00e9nyeit \u00e9s a lehet\u0151s\u00e9geket igyekezett id\u00e9n is a maximumot kihozni abb\u00f3l a tan\u00edt\u00e1s n\u00e9lk\u00fcli munkanapb\u00f3l, amelynek programj\u00e1t \u0151k tervezhetik, szervezhetik \u00e9s koordin\u00e1lhatj\u00e1k. A Di\u00e1k\u00f6nkorm\u00e1nyzat k\u00e9pvisel\u0151i hetek \u00f3ta szervezkedtek \u00e9s k\u00e9sz\u00fcltek a tavaszi sz\u00fcnet el\u0151tti utols\u00f3 napra, \u00e1prilis 4-re, ami id\u00e9n is tartalmasra siker\u00fclt.<\/p>\n\n\n\n<p>Tan\u00e1rok \u00e9s di\u00e1kok egyar\u00e1nt sok-sok programb\u00f3l v\u00e1laszthattak. Hatalmas sikert aratott \u2013 \u00e9s tal\u00e1n nem is mindenki tudta kipr\u00f3b\u00e1lni \u2013 a 3 szabadul\u00f3szoba. A di\u00e1kok saj\u00e1t \u00f6tleteik alapj\u00e1n rendeztek be tantermeket Krimi, Hollywood \u00e9s Galaxisok t\u00e9m\u00e1kkal \u00e9s k\u00e9sz\u00edtettek rejtv\u00e9nyeket, feladv\u00e1nyokat. Mindenkinek nagyon tetszett ez az \u00faj lehet\u0151s\u00e9g. Ugyancsak nagy sikere volt a Just Dance- \u00e9s FIFA-termeknek is. Lehetett t\u00e1rsasj\u00e1t\u00e9kozni, sakkozni, t\u00f6rt\u00e9nelmi t\u00e9m\u00e1j\u00fa filmet n\u00e9zni is \u2013 k\u00f6sz\u00f6net \u00e9rte R\u00e1cz T\u00fcnde tan\u00e1rn\u0151nek, S\u00e1pi Vilmos \u00e9s Nagy Endre tan\u00e1r uraknak. Elmaradhatatlanok voltak a sportesem\u00e9nyek: foci \u00e9s r\u00f6plabda bajnoks\u00e1g Cseuz Alexandra tan\u00e1rn\u0151 szervez\u00e9s\u00e9ben, a testnevel\u0151k \u00e9s M\u00e1rkus Oliv\u00e9r seg\u00e9dlet\u00e9vel. K\u00f6sz\u00f6net \u00e9rte! Az eredm\u00e9nyek: r\u00f6plabda I. 12c II. 10c III. 11c, foci I. 11c II. 12b III. 10c. Gratul\u00e1lunk ez\u00faton is. K\u00fcl\u00f6n kiemelj\u00fck a focist\u00e1kat, akik a hideg \u00e9s a nagy sz\u00e9l ellen\u00e9re is v\u00e9gigj\u00e1tszott\u00e1k a bajnoks\u00e1got. Mellett\u00fck ugyancsak a hideggel \u00e9s a sz\u00e9llel dacolva a tiszaf\u00f6ldv\u00e1ri Aranyhegy \u00cdj\u00e1szok is eg\u00e9sz d\u00e9lel\u0151tt rendelkez\u00e9sre \u00e1lltak, \u00e9s seg\u00edtettek kipr\u00f3b\u00e1lni az \u00edj\u00e1szatot, t\u00f6bbf\u00e9le \u00edjat mutattak meg az \u00e9rdekl\u0151d\u0151 tanul\u00f3knak, \u00e9s f\u00e1radhatatlanul seg\u00edtettek az \u00edj haszn\u00e1lat\u00e1ban. K\u00f6sz\u00f6nj\u00fck T\u00f3th Mih\u00e1lynak, Lakatosn\u00e9 T\u00f3th Anit\u00e1nak \u00e9s Baczk\u00f3 Antalnak, hogy a hajn\u00f3czys di\u00e1kokra sz\u00e1nt\u00e1k a d\u00e9lel\u0151ttj\u00fcket! Sport ter\u00fcleten k\u00fcl\u00f6nleges vend\u00e9g\u00fcnk volt iskol\u00e1nk egykori di\u00e1kja, Tak\u00e1csn\u00e9 N\u00e1di \u00c9va, j\u00f3gaoktat\u00f3. J\u00f3ga\u00f3r\u00e1n vehetett r\u00e9szt minden \u00e9rdekl\u0151d\u0151. Mindenki felt\u00f6lt\u0151dve \u00e9s \u00e9lm\u00e9nyekkel gazdagon j\u00f6tt ki az \u00f3r\u00e1r\u00f3l, k\u00f6sz\u00f6nj\u00fck az \u00e9lm\u00e9nyt! \u00c9lm\u00e9ny- \u00e9s l\u00e1tv\u00e1nyd\u00fas bemutat\u00f3t kaptunk Czampel L\u00e1szl\u00f3t\u00f3l, Tiszaf\u00f6ldv\u00e1r leger\u0151sebb ember\u00e9t\u0151l is. A di\u00e1kok \u2013term\u00e9szetesen biztons\u00e1gosan \u2013 ki is pr\u00f3b\u00e1lhatt\u00e1k erej\u00fcket.<\/p>\n\n\n\n<p>Vend\u00e9g\u00fcl l\u00e1ttuk a J\u00e1sz-Nagykun-Szolnok V\u00e1rmegyei Di\u00e1k\u00f6nkorm\u00e1nyzat k\u00e9pvisel\u0151it, akik csapat\u00e9p\u00edt\u0151 \u00e9s kreat\u00edv j\u00e1t\u00e9kokkal k\u00e9sz\u00fcltek iskol\u00e1nk tanul\u00f3inak. Az \u00fajonnan megv\u00e1lasztott vezet\u0151s\u00e9gb\u0151l M\u00f3zsi Vivien \u00e9s Gerdei Eszter mutatt\u00e1k meg koordin\u00e1tori k\u00e9pess\u00e9g\u00fcket, emellett a st\u00e1btagjaikat invit\u00e1lt\u00e1k el rendezv\u00e9ny\u00fcnkre. A csapat elmond\u00e1sa szerint a hajn\u00f3czys di\u00e1kok akt\u00edvan \u00e9s \u00e9rdekl\u0151d\u0151en vettek r\u00e9szt a j\u00e1t\u00e9kokban.<\/p>\n\n\n\n<p>Bemutatkozott a rend\u0151rs\u00e9g, a honv\u00e9ds\u00e9g, a t\u0171zolt\u00f3s\u00e1g \u00e9s a polg\u00e1r\u0151rs\u00e9g, \u00e9s nagyon \u00e9rdekes dolgokat mutattak meg nek\u00fcnk: fegyvereket, eszk\u00f6z\u00f6ket, szimul\u00e1torokat pr\u00f3b\u00e1lhattunk ki. \u00dajdons\u00e1gk\u00e9nt id\u00e9n a b\u00fcntet\u00e9sv\u00e9grehajt\u00e1s \u00e9s a ment\u0151szolg\u00e1lat is csatlakozott, \u00e9s \u00fagy avattak be minket munk\u00e1jukba, hogy ki is pr\u00f3b\u00e1lhattuk pl. az \u00fajra\u00e9leszt\u00e9st vagy a bilincset a kez\u00fcnk\u00f6n, l\u00e1bunkon. A k\u00e9pek maguk\u00e9rt besz\u00e9lnek, igaz\u00e1n sz\u00ednes, \u00e9s \u00fagy gondoljuk, hasznos volt az \u00f6tf\u00e9le bemutat\u00f3. K\u00f6sz\u00f6nj\u00fck, hogy id\u0151t \u00e9s energi\u00e1t sz\u00e1ntak r\u00e1nk, t\u00fcrelmesen ak\u00e1r t\u00f6bbsz\u00f6r is elmagyar\u00e1zt\u00e1k ugyanazt a folyamatot, ugyanazt az eszk\u00f6zt megmutatt\u00e1k.<\/p>\n\n\n\n<p>Sz\u00ednes \u00e9s kedves sz\u00ednfolt volt iskol\u00e1nk technikai dolgoz\u00f3ja, Koll\u00e1r Anita ki\u00e1ll\u00edt\u00e1sa a saj\u00e1t maga \u00e1ltal horgolt d\u00edszeib\u0151l \u00e9s haszn\u00e1lati t\u00e1rgyaib\u00f3l. K\u00f6sz\u00f6nj\u00fck, hogy megmutatta nek\u00fcnk ezeket a remekm\u0171veket!<\/p>\n\n\n\n<p>Bemutatkozott a Nagyn\u00e9 K\u00e1v\u00e1si M\u00f3nika vezette robotika szakk\u00f6r is. A r\u00e9sztvev\u0151 \u00e9s a n\u00e9z\u0151 di\u00e1kok is nagyon \u00e9lvezt\u00e9k ezt l\u00e1tv\u00e1nyos robot-showt.<\/p>\n\n\n\n<p>Id\u00e9n nem kreat\u00edv szendvicsek k\u00e9sz\u00fcltek, hanem filmet lehetett forgatni. Megrendezt\u00fck az I. Hajn\u00f3czy Filmszeml\u00e9t. A v\u00e1rhat\u00f3an hagyom\u00e1nyteremt\u0151 verseny sor\u00e1n fiatal filmk\u00e9sz\u00edt\u0151ink m\u00e9rt\u00e9k \u00f6ssze tud\u00e1sukat. 3 t\u00e9ma k\u00f6z\u00fcl v\u00e1laszthattak, melyek a &#8222;F\u00e9lelem \u00e9s reszket\u00e9s a Hajn\u00f3czyban&#8221;, &#8222;Hajn\u00f3czy Love Story&#8221; \u00e9s &#8222;Funn\u00f3czy&#8221; fant\u00e1ziac\u00edmeket kapt\u00e1k. A filmszeml\u00e9re k\u00e9t alkot\u00e1s k\u00e9sz\u00fclt el, T\u00f3th Vanda kisfilmje Di\u00e1knap c\u00edmmel egy rejt\u00e9lyes gyilkoss\u00e1got mutatott be humoros st\u00edlusban (R\u00e1cz T\u00fcnde Anna tan\u00e1rn\u0151 k\u00f6zrem\u0171k\u00f6d\u00e9s\u00e9vel); m\u00edg Moln\u00e1r M\u00e1rk A n\u00e9gyjegy\u0171 \u00e1rny\u00e9k\u00e1ban c\u00edm\u0171 alkot\u00e1sa Alfred Hitchcockot id\u00e9zte meg fesz\u00fclts\u00e9gteremt\u0151 atmoszf\u00e9r\u00e1j\u00e1val \u00e9s vizu\u00e1lis megold\u00e1saival. A h\u00e1romtag\u00fa zs\u0171ri (Cs\u00fazi G\u00e1born\u00e9, Kis Annam\u00e1ria \u00e9s Sz\u00e9les Tam\u00e1s) egyhang\u00fa d\u00f6nt\u00e9se \u00e9rtelm\u00e9ben Moln\u00e1r M\u00e1rk kapta az I. Hajn\u00f3czy Filmszemle Legjobb kisfilm d\u00edj\u00e1t.<\/p>\n\n\n\n<p>A r\u00e9sztvev\u0151knek k\u00f6sz\u00f6nj\u00fck, hogy b\u00e1tran \u00e9s kreat\u00edvan alkottak, rem\u00e9lj\u00fck j\u00f6v\u0151re m\u00e9g t\u00f6bben k\u00f6vetik p\u00e9ld\u00e1jukat, \u00e9s ezzel egy \u00faj hagyom\u00e1nyt teremthett\u00fcnk a Hajn\u00f3czy Gimn\u00e1zium \u00e9let\u00e9ben.<\/p>\n\n\n\n<p>A Di\u00e1k\u00f6nkorm\u00e1nyzat k\u00f6sz\u00f6ni a zs\u0171ri munk\u00e1j\u00e1t \u00e9s az \u00f6tletet Sz\u00e9les Tam\u00e1s tan\u00e1r \u00farnak!<\/p>\n\n\n\n<p>Iskol\u00e1nk m\u00e1sodszor vesz r\u00e9szt a digit\u00e1lis t\u00e9mah\u00e9ten. Ennek keretein bel\u00fcl a 10. d oszt\u00e1ly tanul\u00f3i Csuzi G\u00e1born\u00e9, Varga Erika \u00e9s Nagyn\u00e9 K\u00e1v\u00e1si M\u00f3nika tan\u00e1rn\u0151k vezet\u00e9s\u00e9vel h\u00e1rom csoportban dolgozva, egy projektmunka keret\u00e9ben gy\u0171jt\u00f6tt\u00e9k \u00f6ssze azokat a v\u00e1rosokat \u00e9s helysz\u00edneket, ahol Pet\u0151fi S\u00e1ndor \u00e9lt \u00e9s alkotott. A magyarorsz\u00e1gi helysz\u00ednekhez kapcsolt\u00e1k a t\u00e1jle\u00edr\u00f3 verseit is. Mindezt nagyr\u00e9szt digit\u00e1lis form\u00e1ban k\u00e9sz\u00edtett\u00e9k el. Prezent\u00e1ci\u00f3kat, youtube-ra felt\u00f6lt\u00f6tt vide\u00f3kat \u00e9s j\u00e1t\u00e9kos feladatokat is tartalmaztak a munk\u00e1k. Az elk\u00e9sz\u00fclt alkot\u00e1sokat a di\u00e1knapon megn\u00e9zhett\u00e9k tanul\u00f3ink, \u00e9s szavazhattak is arra a csapatra, amelyik legl\u00e1tv\u00e1nyosabban oldotta meg a feladatot.<\/p>\n\n\n\n<p>A Pet\u0151fi-projekttel p\u00e1rhuzamosan egy rajzp\u00e1ly\u00e1zatot is hirdett\u00fcnk, amelyre a di\u00e1kok illusztr\u00e1ci\u00f3kat k\u00e9sz\u00edthettek el\u0151re megadott Pet\u0151fi t\u00e1jversekhez. A rajzp\u00e1ly\u00e1zatra bek\u00fcld\u00f6tt alkot\u00e1sokat int\u00e9zm\u00e9ny\u00fcnk tanul\u00f3i szint\u00e9n a di\u00e1knapon tekinthett\u00e9k meg egy ki\u00e1ll\u00edt\u00e1s keret\u00e9ben. A rajzp\u00e1ly\u00e1zat eredm\u00e9nye: 1. helyezett: Horv\u00e1th Anna Veronika 10. d, 2. helyezett: Dobr\u00f3ka Dalma Ir\u00e9n 12. b, 3. helyezett: Magyar Vikt\u00f3ria 12. d. Gratul\u00e1lunk!<\/p>\n\n\n\n<p>10 \u00f3ra el\u0151tt az iskola apraja-nagyja kab\u00e1tot \u00e9s sapk\u00e1t h\u00fazott, \u00e9s kisereglett az udvaron f\u00f6l\u00e1ll\u00edtott nagysz\u00ednpadhoz. Sz\u00ednvonalas kis koncertet hallhattunk a The Boss and the Brass nev\u0171 form\u00e1ci\u00f3t\u00f3l. A Kunszentm\u00e1rtoni Alapfok\u00fa M\u0171v\u00e9szeti Iskola n\u00f6vend\u00e9kei \u00e9s tan\u00e1ruk, Enyedi G\u00e1born\u00e9 T\u00f3th \u00c1gnes modern darabokat j\u00e1tszottak f\u00fav\u00f3s hangszereken, majd tan\u00e1raink kis csapata egy flashmobot adott el\u0151 nagy sikerrel, melynek koreogr\u00e1fi\u00e1j\u00e1t B\u00e1r\u00e1ndi Jana \u00e1lmodta meg. K\u00f6sz\u00f6net \u00e9rte!<\/p>\n\n\n\n<p>Az eredetileg a nagysz\u00ednpadra tervezett Tajp\u00e1n koncertet a viszontags\u00e1gos id\u0151j\u00e1r\u00e1s miatt az els\u0151 emeleti \u00e1tk\u00f6t\u0151 folyos\u00f3n hallhattuk. K\u00f6sz\u00f6nj\u00fck, hogy mindig sz\u00edvesen j\u00f6n vissza az iskol\u00e1nkb\u00f3l indult zenekar a Hajn\u00f3czyba zen\u00e9lni.<\/p>\n\n\n\n<p>K\u00f6sz\u00f6nj\u00fck tov\u00e1bb\u00e1 a Tiszaf\u00f6ldv\u00e1ri M\u0171vel\u0151d\u00e9si H\u00e1znak \u00e9s Papp L\u00e1szl\u00f3nak a hangos\u00edt\u00e1st \u00e9s a sz\u00ednpadot, a tiszaf\u00f6ldv\u00e1ri KHT munkat\u00e1rsainak a sz\u00e1ll\u00edtm\u00e1nyoz\u00e1st \u00e9s pakol\u00e1st.<\/p>\n\n\n\n<p>H\u00e1l\u00e1s k\u00f6sz\u00f6net a technikai dolgoz\u00f3knak, hogy mindenben seg\u00edtik a di\u00e1ks\u00e1got \u00e9s Patk\u00f3sn\u00e9 Eszternek, aki mindent beszerzett \u00e9s minden \u00e9vben minden apr\u00f3s\u00e1gra gondol. Markovics-F\u0151cz\u00e9n Rita iskolak\u00f6nyvt\u00e1rosnak is k\u00f6sz\u00f6nettel tartozunk, aki \u00e1lland\u00f3 asszisztense az iskola Di\u00e1k\u00f6nkorm\u00e1nyzat\u00e1t seg\u00edt\u0151 pedag\u00f3gusnak, Cs\u00edk Be\u00e1t\u00e1nak, \u00e9s p\u00e1rosuk eredm\u00e9nyesen \u00e9s j\u00f3l tudja koordin\u00e1lni a di\u00e1kszervez\u0151ket \u00e9s a megoldand\u00f3 feladatokat a di\u00e1knap k\u00f6r\u00fcl.<\/p>\n\n\n\n<p>Nagyon nagy k\u00f6sz\u00f6net a M\u00e1tyus Lili eln\u00f6k vezette D\u00d6K akt\u00edv tagjainak, akik nagyon sokat dolgoztak az\u00e9rt, hogy ez a nap j\u00f3l \u00e9s tartalmasan siker\u00fclj\u00f6n. Olyan tanul\u00f3k is akadtak, akik nem D\u00d6K k\u00e9pvisel\u0151k, de sz\u00edv\u00fck\u00f6n viselve a di\u00e1knap siker\u00e9t, rengeteget dolgoztak ez\u00e9rt.<\/p>\n\n\n\n<p>N\u00e9v szerint: Csomor Alexa, M\u00e1tyus Lili, Putnoki Viktor, G\u00e1l Csaba, T\u00e1borosi Dorka, Cs\u00edk Lili, Duszka Bogl\u00e1rka, Bacz\u00far Lilla, Dud\u00e1s R\u00e9ka, Bacz\u00far Emma, Barna Kata, Kecsk\u00e9s Lili, D\u00f3czi Bogl\u00e1rka, Papp Melinda, Nyitrai Anna, Sinka M\u00e1t\u00e9, Nagy Patrik, Beregsz\u00e1szi Lea, Berkes Szabolcs, Ifj. Dud\u00e1s Zsolt. A fot\u00f3kat k\u00e9sz\u00edtett\u00e9k Federics Vir\u00e1g \u00e9s Kal\u00f3 Adrienn (11.d), ezek megtekinthet\u0151k a facebookos id\u0151vonalunkon.<\/p>\n","protected":false},"excerpt":{"rendered":"<p>Id\u00e9n is egy nap a di\u00e1kok\u00e9. A Di\u00e1k\u00f6nkorm\u00e1nyzat felm\u00e9rve a tanul\u00f3t\u00e1rsak ig\u00e9nyeit \u00e9s a lehet\u0151s\u00e9geket igyekezett id\u00e9n is a maximumot kihozni abb\u00f3l a tan\u00edt\u00e1s n\u00e9lk\u00fcli munkanapb\u00f3l, amelynek programj\u00e1t \u0151k tervezhetik, szervezhetik \u00e9s koordin\u00e1lhatj\u00e1k. A Di\u00e1k\u00f6nkorm\u00e1nyzat k\u00e9pvisel\u0151i hetek \u00f3ta szervezkedtek \u00e9s <a href=\"http:\/\/hajnoczy.com\/wp\/2023\/04\/13\/diaknap-2023-2\/\" class=\"read-more\">Olvasson tov\u00e1bb &#8230;<\/a><\/p>\n","protected":false},"author":1,"featured_media":0,"comment_status":"open","ping_status":"open","sticky":false,"template":"","format":"standard","meta":{"footnotes":""},"categories":[7],"tags":[],"yoast_head":"<!-- This site is optimized with the Yoast SEO plugin v22.6 - https:\/\/yoast.com\/wordpress\/plugins\/seo\/ -->\n<title>DI\u00c1KNAP 2023 - HJG<\/title>\n<meta name=\"robots\" content=\"index, follow, max-snippet:-1, max-image-preview:large, max-video-preview:-1\" \/>\n<link rel=\"canonical\" href=\"https:\/\/hajnoczy.com\/wp\/2023\/04\/13\/diaknap-2023-2\/\" \/>\n<meta property=\"og:locale\" content=\"hu_HU\" \/>\n<meta property=\"og:type\" content=\"article\" \/>\n<meta property=\"og:title\" content=\"DI\u00c1KNAP 2023 - HJG\" \/>\n<meta property=\"og:description\" content=\"Id\u00e9n is egy nap a di\u00e1kok\u00e9. A Di\u00e1k\u00f6nkorm\u00e1nyzat felm\u00e9rve a tanul\u00f3t\u00e1rsak ig\u00e9nyeit \u00e9s a lehet\u0151s\u00e9geket igyekezett id\u00e9n is a maximumot kihozni abb\u00f3l a tan\u00edt\u00e1s n\u00e9lk\u00fcli munkanapb\u00f3l, amelynek programj\u00e1t \u0151k tervezhetik, szervezhetik \u00e9s koordin\u00e1lhatj\u00e1k. A Di\u00e1k\u00f6nkorm\u00e1nyzat k\u00e9pvisel\u0151i hetek \u00f3ta szervezkedtek \u00e9s Olvasson tov\u00e1bb ...\" \/>\n<meta property=\"og:url\" content=\"https:\/\/hajnoczy.com\/wp\/2023\/04\/13\/diaknap-2023-2\/\" \/>\n<meta property=\"og:site_name\" content=\"HJG\" \/>\n<meta property=\"article:published_time\" content=\"2023-04-13T10:28:31+00:00\" \/>\n<meta property=\"article:modified_time\" content=\"2023-04-25T10:28:52+00:00\" \/>\n<meta name=\"author\" content=\"administrator\" \/>\n<meta name=\"twitter:card\" content=\"summary_large_image\" \/>\n<meta name=\"twitter:label1\" content=\"Szerz\u0151:\" \/>\n\t<meta name=\"twitter:data1\" content=\"administrator\" \/>\n\t<meta name=\"twitter:label2\" content=\"Becs\u00fclt olvas\u00e1si id\u0151\" \/>\n\t<meta name=\"twitter:data2\" content=\"6 perc\" \/>\n<script type=\"application\/ld+json\" class=\"yoast-schema-graph\">{\"@context\":\"https:\/\/schema.org\",\"@graph\":[{\"@type\":\"Article\",\"@id\":\"https:\/\/hajnoczy.com\/wp\/2023\/04\/13\/diaknap-2023-2\/#article\",\"isPartOf\":{\"@id\":\"https:\/\/hajnoczy.com\/wp\/2023\/04\/13\/diaknap-2023-2\/\"},\"author\":{\"name\":\"administrator\",\"@id\":\"http:\/\/hajnoczy.com\/wp\/#\/schema\/person\/4344b3d03a831ddb709cb792e05b58f4\"},\"headline\":\"DI\u00c1KNAP 2023\",\"datePublished\":\"2023-04-13T10:28:31+00:00\",\"dateModified\":\"2023-04-25T10:28:52+00:00\",\"mainEntityOfPage\":{\"@id\":\"https:\/\/hajnoczy.com\/wp\/2023\/04\/13\/diaknap-2023-2\/\"},\"wordCount\":1656,\"commentCount\":0,\"publisher\":{\"@id\":\"http:\/\/hajnoczy.com\/wp\/#organization\"},\"articleSection\":[\"H\u00edrek, aktualit\u00e1sok\"],\"inLanguage\":\"hu\",\"potentialAction\":[{\"@type\":\"CommentAction\",\"name\":\"Comment\",\"target\":[\"https:\/\/hajnoczy.com\/wp\/2023\/04\/13\/diaknap-2023-2\/#respond\"]}]},{\"@type\":\"WebPage\",\"@id\":\"https:\/\/hajnoczy.com\/wp\/2023\/04\/13\/diaknap-2023-2\/\",\"url\":\"https:\/\/hajnoczy.com\/wp\/2023\/04\/13\/diaknap-2023-2\/\",\"name\":\"DI\u00c1KNAP 2023 - HJG\",\"isPartOf\":{\"@id\":\"http:\/\/hajnoczy.com\/wp\/#website\"},\"datePublished\":\"2023-04-13T10:28:31+00:00\",\"dateModified\":\"2023-04-25T10:28:52+00:00\",\"breadcrumb\":{\"@id\":\"https:\/\/hajnoczy.com\/wp\/2023\/04\/13\/diaknap-2023-2\/#breadcrumb\"},\"inLanguage\":\"hu\",\"potentialAction\":[{\"@type\":\"ReadAction\",\"target\":[\"https:\/\/hajnoczy.com\/wp\/2023\/04\/13\/diaknap-2023-2\/\"]}]},{\"@type\":\"BreadcrumbList\",\"@id\":\"https:\/\/hajnoczy.com\/wp\/2023\/04\/13\/diaknap-2023-2\/#breadcrumb\",\"itemListElement\":[{\"@type\":\"ListItem\",\"position\":1,\"name\":\"Kezd\u0151lap\",\"item\":\"http:\/\/hajnoczy.com\/wp\/\"},{\"@type\":\"ListItem\",\"position\":2,\"name\":\"DI\u00c1KNAP 2023\"}]},{\"@type\":\"WebSite\",\"@id\":\"http:\/\/hajnoczy.com\/wp\/#website\",\"url\":\"http:\/\/hajnoczy.com\/wp\/\",\"name\":\"HJG\",\"description\":\"Hajn\u00f3czy J\u00f3zsef Gimn\u00e1zium, Hum\u00e1n Szakgimn\u00e1zium \u00e9s Koll\u00e9gium\",\"publisher\":{\"@id\":\"http:\/\/hajnoczy.com\/wp\/#organization\"},\"potentialAction\":[{\"@type\":\"SearchAction\",\"target\":{\"@type\":\"EntryPoint\",\"urlTemplate\":\"http:\/\/hajnoczy.com\/wp\/?s={search_term_string}\"},\"query-input\":\"required name=search_term_string\"}],\"inLanguage\":\"hu\"},{\"@type\":\"Organization\",\"@id\":\"http:\/\/hajnoczy.com\/wp\/#organization\",\"name\":\"HJG\",\"url\":\"http:\/\/hajnoczy.com\/wp\/\",\"logo\":{\"@type\":\"ImageObject\",\"inLanguage\":\"hu\",\"@id\":\"http:\/\/hajnoczy.com\/wp\/#\/schema\/logo\/image\/\",\"url\":\"http:\/\/hajnoczy.com\/wp\/wp-content\/uploads\/2020\/10\/cropped-hjg_logo_small.png\",\"contentUrl\":\"http:\/\/hajnoczy.com\/wp\/wp-content\/uploads\/2020\/10\/cropped-hjg_logo_small.png\",\"width\":75,\"height\":75,\"caption\":\"HJG\"},\"image\":{\"@id\":\"http:\/\/hajnoczy.com\/wp\/#\/schema\/logo\/image\/\"}},{\"@type\":\"Person\",\"@id\":\"http:\/\/hajnoczy.com\/wp\/#\/schema\/person\/4344b3d03a831ddb709cb792e05b58f4\",\"name\":\"administrator\",\"image\":{\"@type\":\"ImageObject\",\"inLanguage\":\"hu\",\"@id\":\"http:\/\/hajnoczy.com\/wp\/#\/schema\/person\/image\/\",\"url\":\"http:\/\/0.gravatar.com\/avatar\/ff06296ecb6c99dcafbc8bf1354fe5fb?s=96&d=mm&r=g\",\"contentUrl\":\"http:\/\/0.gravatar.com\/avatar\/ff06296ecb6c99dcafbc8bf1354fe5fb?s=96&d=mm&r=g\",\"caption\":\"administrator\"},\"sameAs\":[\"http:\/\/hajnoczy.com\/wp\"],\"url\":\"http:\/\/hajnoczy.com\/wp\/author\/administrator\/\"}]}<\/script>\n<!-- \/ Yoast SEO plugin. -->","yoast_head_json":{"title":"DI\u00c1KNAP 2023 - HJG","robots":{"index":"index","follow":"follow","max-snippet":"max-snippet:-1","max-image-preview":"max-image-preview:large","max-video-preview":"max-video-preview:-1"},"canonical":"https:\/\/hajnoczy.com\/wp\/2023\/04\/13\/diaknap-2023-2\/","og_locale":"hu_HU","og_type":"article","og_title":"DI\u00c1KNAP 2023 - HJG","og_description":"Id\u00e9n is egy nap a di\u00e1kok\u00e9. A Di\u00e1k\u00f6nkorm\u00e1nyzat felm\u00e9rve a tanul\u00f3t\u00e1rsak ig\u00e9nyeit \u00e9s a lehet\u0151s\u00e9geket igyekezett id\u00e9n is a maximumot kihozni abb\u00f3l a tan\u00edt\u00e1s n\u00e9lk\u00fcli munkanapb\u00f3l, amelynek programj\u00e1t \u0151k tervezhetik, szervezhetik \u00e9s koordin\u00e1lhatj\u00e1k. A Di\u00e1k\u00f6nkorm\u00e1nyzat k\u00e9pvisel\u0151i hetek \u00f3ta szervezkedtek \u00e9s Olvasson tov\u00e1bb ...","og_url":"https:\/\/hajnoczy.com\/wp\/2023\/04\/13\/diaknap-2023-2\/","og_site_name":"HJG","article_published_time":"2023-04-13T10:28:31+00:00","article_modified_time":"2023-04-25T10:28:52+00:00","author":"administrator","twitter_card":"summary_large_image","twitter_misc":{"Szerz\u0151:":"administrator","Becs\u00fclt olvas\u00e1si id\u0151":"6 perc"},"schema":{"@context":"https:\/\/schema.org","@graph":[{"@type":"Article","@id":"https:\/\/hajnoczy.com\/wp\/2023\/04\/13\/diaknap-2023-2\/#article","isPartOf":{"@id":"https:\/\/hajnoczy.com\/wp\/2023\/04\/13\/diaknap-2023-2\/"},"author":{"name":"administrator","@id":"http:\/\/hajnoczy.com\/wp\/#\/schema\/person\/4344b3d03a831ddb709cb792e05b58f4"},"headline":"DI\u00c1KNAP 2023","datePublished":"2023-04-13T10:28:31+00:00","dateModified":"2023-04-25T10:28:52+00:00","mainEntityOfPage":{"@id":"https:\/\/hajnoczy.com\/wp\/2023\/04\/13\/diaknap-2023-2\/"},"wordCount":1656,"commentCount":0,"publisher":{"@id":"http:\/\/hajnoczy.com\/wp\/#organization"},"articleSection":["H\u00edrek, aktualit\u00e1sok"],"inLanguage":"hu","potentialAction":[{"@type":"CommentAction","name":"Comment","target":["https:\/\/hajnoczy.com\/wp\/2023\/04\/13\/diaknap-2023-2\/#respond"]}]},{"@type":"WebPage","@id":"https:\/\/hajnoczy.com\/wp\/2023\/04\/13\/diaknap-2023-2\/","url":"https:\/\/hajnoczy.com\/wp\/2023\/04\/13\/diaknap-2023-2\/","name":"DI\u00c1KNAP 2023 - HJG","isPartOf":{"@id":"http:\/\/hajnoczy.com\/wp\/#website"},"datePublished":"2023-04-13T10:28:31+00:00","dateModified":"2023-04-25T10:28:52+00:00","breadcrumb":{"@id":"https:\/\/hajnoczy.com\/wp\/2023\/04\/13\/diaknap-2023-2\/#breadcrumb"},"inLanguage":"hu","potentialAction":[{"@type":"ReadAction","target":["https:\/\/hajnoczy.com\/wp\/2023\/04\/13\/diaknap-2023-2\/"]}]},{"@type":"BreadcrumbList","@id":"https:\/\/hajnoczy.com\/wp\/2023\/04\/13\/diaknap-2023-2\/#breadcrumb","itemListElement":[{"@type":"ListItem","position":1,"name":"Kezd\u0151lap","item":"http:\/\/hajnoczy.com\/wp\/"},{"@type":"ListItem","position":2,"name":"DI\u00c1KNAP 2023"}]},{"@type":"WebSite","@id":"http:\/\/hajnoczy.com\/wp\/#website","url":"http:\/\/hajnoczy.com\/wp\/","name":"HJG","description":"Hajn\u00f3czy J\u00f3zsef Gimn\u00e1zium, Hum\u00e1n Szakgimn\u00e1zium \u00e9s Koll\u00e9gium","publisher":{"@id":"http:\/\/hajnoczy.com\/wp\/#organization"},"potentialAction":[{"@type":"SearchAction","target":{"@type":"EntryPoint","urlTemplate":"http:\/\/hajnoczy.com\/wp\/?s={search_term_string}"},"query-input":"required name=search_term_string"}],"inLanguage":"hu"},{"@type":"Organization","@id":"http:\/\/hajnoczy.com\/wp\/#organization","name":"HJG","url":"http:\/\/hajnoczy.com\/wp\/","logo":{"@type":"ImageObject","inLanguage":"hu","@id":"http:\/\/hajnoczy.com\/wp\/#\/schema\/logo\/image\/","url":"http:\/\/hajnoczy.com\/wp\/wp-content\/uploads\/2020\/10\/cropped-hjg_logo_small.png","contentUrl":"http:\/\/hajnoczy.com\/wp\/wp-content\/uploads\/2020\/10\/cropped-hjg_logo_small.png","width":75,"height":75,"caption":"HJG"},"image":{"@id":"http:\/\/hajnoczy.com\/wp\/#\/schema\/logo\/image\/"}},{"@type":"Person","@id":"http:\/\/hajnoczy.com\/wp\/#\/schema\/person\/4344b3d03a831ddb709cb792e05b58f4","name":"administrator","image":{"@type":"ImageObject","inLanguage":"hu","@id":"http:\/\/hajnoczy.com\/wp\/#\/schema\/person\/image\/","url":"http:\/\/0.gravatar.com\/avatar\/ff06296ecb6c99dcafbc8bf1354fe5fb?s=96&d=mm&r=g","contentUrl":"http:\/\/0.gravatar.com\/avatar\/ff06296ecb6c99dcafbc8bf1354fe5fb?s=96&d=mm&r=g","caption":"administrator"},"sameAs":["http:\/\/hajnoczy.com\/wp"],"url":"http:\/\/hajnoczy.com\/wp\/author\/administrator\/"}]}},"_links":{"self":[{"href":"http:\/\/hajnoczy.com\/wp\/wp-json\/wp\/v2\/posts\/1017"}],"collection":[{"href":"http:\/\/hajnoczy.com\/wp\/wp-json\/wp\/v2\/posts"}],"about":[{"href":"http:\/\/hajnoczy.com\/wp\/wp-json\/wp\/v2\/types\/post"}],"author":[{"embeddable":true,"href":"http:\/\/hajnoczy.com\/wp\/wp-json\/wp\/v2\/users\/1"}],"replies":[{"embeddable":true,"href":"http:\/\/hajnoczy.com\/wp\/wp-json\/wp\/v2\/comments?post=1017"}],"version-history":[{"count":1,"href":"http:\/\/hajnoczy.com\/wp\/wp-json\/wp\/v2\/posts\/1017\/revisions"}],"predecessor-version":[{"id":1018,"href":"http:\/\/hajnoczy.com\/wp\/wp-json\/wp\/v2\/posts\/1017\/revisions\/1018"}],"wp:attachment":[{"href":"http:\/\/hajnoczy.com\/wp\/wp-json\/wp\/v2\/media?parent=1017"}],"wp:term":[{"taxonomy":"category","embeddable":true,"href":"http:\/\/hajnoczy.com\/wp\/wp-json\/wp\/v2\/categories?post=1017"},{"taxonomy":"post_tag","embeddable":true,"href":"http:\/\/hajnoczy.com\/wp\/wp-json\/wp\/v2\/tags?post=1017"}],"curies":[{"name":"wp","href":"https:\/\/api.w.org\/{rel}","templated":true}]}}