{"id":1027,"date":"2023-04-22T10:37:03","date_gmt":"2023-04-22T10:37:03","guid":{"rendered":"http:\/\/hajnoczy.com\/wp\/?p=1027"},"modified":"2023-04-25T10:37:17","modified_gmt":"2023-04-25T10:37:17","slug":"hajnoczysok-a-nobel-dijasok-es-tehetseges-diakok-xx-talalkozojan","status":"publish","type":"post","link":"http:\/\/hajnoczy.com\/wp\/2023\/04\/22\/hajnoczysok-a-nobel-dijasok-es-tehetseges-diakok-xx-talalkozojan\/","title":{"rendered":"Hajn\u00f3czysok a Nobel-d\u00edjasok \u00e9s tehets\u00e9ges di\u00e1kok XX. tal\u00e1lkoz\u00f3j\u00e1n"},"content":{"rendered":"\n<p>K\u00f6z\u00e9piskol\u00e1nk emelt szint\u0171 biol\u00f3gi\u00e1t tanul\u00f3i di\u00e1kjai imm\u00e1r m\u00e1sodik \u00e9ve vesznek r\u00e9szt a Nemzeti Tud\u00f3sk\u00e9pz\u0151 Akad\u00e9mia kutat\u00f3programjain. 2023. m\u00e1rcius 26. \u00e9s 30. k\u00f6z\u00f6tt a Szegedi Egyetem szervez\u00e9s\u00e9ben k\u00e9t hajn\u00f3czys di\u00e1kunk, Fodor Luca (12.a) \u00e9s Ander Bogl\u00e1rka (11.b) kapott megh\u00edv\u00e1st a kiemelked\u0151 jelent\u0151s\u00e9g\u0171 Nobel-d\u00edjasok \u00e9s tehets\u00e9ges di\u00e1kok XX. tal\u00e1lkoz\u00f3j\u00e1ra. A konferencia, a programok \u00e9s a laborat\u00f3riumi kutat\u00e1sok nyelve angol volt. A rendezv\u00e9nyen a hajn\u00f3czysok Prof. Dr. Bruce Alan Beutler Nobel-d\u00edjas amerikai immunol\u00f3gus \u00e9s genetikus el\u0151ad\u00e1s\u00e1t hallgathatt\u00e1k meg, akivel szem\u00e9lyesen is tal\u00e1lkozhattak. Ezeken a tudom\u00e1nyos tal\u00e1lkoz\u00f3kon szeretn\u00e9nk a j\u00f6v\u0151ben is k\u00e9pviseltetni a Hajn\u00f3czy term\u00e9szettudom\u00e1nyos k\u00e9pz\u00e9s\u00e9t di\u00e1kjaink \u00e1ltal. B\u00fcszkes\u00e9ggel t\u00f6lt el mindannyiunkat, hogy a rendezv\u00e9ny f\u0151szervez\u0151je \u00e9s a Nemzeti Tud\u00f3sk\u00e9pz\u0151 Akad\u00e9mia K\u00f6z\u00e9piskolai K\u00e9pz\u00e9si K\u00f6zpontj\u00e1nak koordin\u00e1tora egykori hajn\u00f3czys di\u00e1kunk, biol\u00f3gi\u00e1sunk Guly\u00e1s Enik\u0151. Hajr\u00e1 Hajn\u00f3czy!<\/p>\n\n\n\n<p>Bacz\u00far Istv\u00e1n<\/p>\n","protected":false},"excerpt":{"rendered":"<p>K\u00f6z\u00e9piskol\u00e1nk emelt szint\u0171 biol\u00f3gi\u00e1t tanul\u00f3i di\u00e1kjai imm\u00e1r m\u00e1sodik \u00e9ve vesznek r\u00e9szt a Nemzeti Tud\u00f3sk\u00e9pz\u0151 Akad\u00e9mia kutat\u00f3programjain. 2023. m\u00e1rcius 26. \u00e9s 30. k\u00f6z\u00f6tt a Szegedi Egyetem szervez\u00e9s\u00e9ben k\u00e9t hajn\u00f3czys di\u00e1kunk, Fodor Luca (12.a) \u00e9s Ander Bogl\u00e1rka (11.b) kapott megh\u00edv\u00e1st a kiemelked\u0151 <a href=\"http:\/\/hajnoczy.com\/wp\/2023\/04\/22\/hajnoczysok-a-nobel-dijasok-es-tehetseges-diakok-xx-talalkozojan\/\" class=\"read-more\">Olvasson tov\u00e1bb &#8230;<\/a><\/p>\n","protected":false},"author":1,"featured_media":0,"comment_status":"open","ping_status":"open","sticky":false,"template":"","format":"standard","meta":{"footnotes":""},"categories":[7],"tags":[],"yoast_head":"<!-- This site is optimized with the Yoast SEO plugin v22.6 - https:\/\/yoast.com\/wordpress\/plugins\/seo\/ -->\n<title>Hajn\u00f3czysok a Nobel-d\u00edjasok \u00e9s tehets\u00e9ges di\u00e1kok XX. tal\u00e1lkoz\u00f3j\u00e1n - HJG<\/title>\n<meta name=\"robots\" content=\"index, follow, max-snippet:-1, max-image-preview:large, max-video-preview:-1\" \/>\n<link rel=\"canonical\" href=\"https:\/\/hajnoczy.com\/wp\/2023\/04\/22\/hajnoczysok-a-nobel-dijasok-es-tehetseges-diakok-xx-talalkozojan\/\" \/>\n<meta property=\"og:locale\" content=\"hu_HU\" \/>\n<meta property=\"og:type\" content=\"article\" \/>\n<meta property=\"og:title\" content=\"Hajn\u00f3czysok a Nobel-d\u00edjasok \u00e9s tehets\u00e9ges di\u00e1kok XX. tal\u00e1lkoz\u00f3j\u00e1n - HJG\" \/>\n<meta property=\"og:description\" content=\"K\u00f6z\u00e9piskol\u00e1nk emelt szint\u0171 biol\u00f3gi\u00e1t tanul\u00f3i di\u00e1kjai imm\u00e1r m\u00e1sodik \u00e9ve vesznek r\u00e9szt a Nemzeti Tud\u00f3sk\u00e9pz\u0151 Akad\u00e9mia kutat\u00f3programjain. 2023. m\u00e1rcius 26. \u00e9s 30. k\u00f6z\u00f6tt a Szegedi Egyetem szervez\u00e9s\u00e9ben k\u00e9t hajn\u00f3czys di\u00e1kunk, Fodor Luca (12.a) \u00e9s Ander Bogl\u00e1rka (11.b) kapott megh\u00edv\u00e1st a kiemelked\u0151 Olvasson tov\u00e1bb ...\" \/>\n<meta property=\"og:url\" content=\"https:\/\/hajnoczy.com\/wp\/2023\/04\/22\/hajnoczysok-a-nobel-dijasok-es-tehetseges-diakok-xx-talalkozojan\/\" \/>\n<meta property=\"og:site_name\" content=\"HJG\" \/>\n<meta property=\"article:published_time\" content=\"2023-04-22T10:37:03+00:00\" \/>\n<meta property=\"article:modified_time\" content=\"2023-04-25T10:37:17+00:00\" \/>\n<meta name=\"author\" content=\"administrator\" \/>\n<meta name=\"twitter:card\" content=\"summary_large_image\" \/>\n<meta name=\"twitter:label1\" content=\"Szerz\u0151:\" \/>\n\t<meta name=\"twitter:data1\" content=\"administrator\" \/>\n\t<meta name=\"twitter:label2\" content=\"Becs\u00fclt olvas\u00e1si id\u0151\" \/>\n\t<meta name=\"twitter:data2\" content=\"1 perc\" \/>\n<script type=\"application\/ld+json\" class=\"yoast-schema-graph\">{\"@context\":\"https:\/\/schema.org\",\"@graph\":[{\"@type\":\"Article\",\"@id\":\"https:\/\/hajnoczy.com\/wp\/2023\/04\/22\/hajnoczysok-a-nobel-dijasok-es-tehetseges-diakok-xx-talalkozojan\/#article\",\"isPartOf\":{\"@id\":\"https:\/\/hajnoczy.com\/wp\/2023\/04\/22\/hajnoczysok-a-nobel-dijasok-es-tehetseges-diakok-xx-talalkozojan\/\"},\"author\":{\"name\":\"administrator\",\"@id\":\"http:\/\/hajnoczy.com\/wp\/#\/schema\/person\/4344b3d03a831ddb709cb792e05b58f4\"},\"headline\":\"Hajn\u00f3czysok a Nobel-d\u00edjasok \u00e9s tehets\u00e9ges di\u00e1kok XX. tal\u00e1lkoz\u00f3j\u00e1n\",\"datePublished\":\"2023-04-22T10:37:03+00:00\",\"dateModified\":\"2023-04-25T10:37:17+00:00\",\"mainEntityOfPage\":{\"@id\":\"https:\/\/hajnoczy.com\/wp\/2023\/04\/22\/hajnoczysok-a-nobel-dijasok-es-tehetseges-diakok-xx-talalkozojan\/\"},\"wordCount\":216,\"commentCount\":0,\"publisher\":{\"@id\":\"http:\/\/hajnoczy.com\/wp\/#organization\"},\"articleSection\":[\"H\u00edrek, aktualit\u00e1sok\"],\"inLanguage\":\"hu\",\"potentialAction\":[{\"@type\":\"CommentAction\",\"name\":\"Comment\",\"target\":[\"https:\/\/hajnoczy.com\/wp\/2023\/04\/22\/hajnoczysok-a-nobel-dijasok-es-tehetseges-diakok-xx-talalkozojan\/#respond\"]}]},{\"@type\":\"WebPage\",\"@id\":\"https:\/\/hajnoczy.com\/wp\/2023\/04\/22\/hajnoczysok-a-nobel-dijasok-es-tehetseges-diakok-xx-talalkozojan\/\",\"url\":\"https:\/\/hajnoczy.com\/wp\/2023\/04\/22\/hajnoczysok-a-nobel-dijasok-es-tehetseges-diakok-xx-talalkozojan\/\",\"name\":\"Hajn\u00f3czysok a Nobel-d\u00edjasok \u00e9s tehets\u00e9ges di\u00e1kok XX. tal\u00e1lkoz\u00f3j\u00e1n - HJG\",\"isPartOf\":{\"@id\":\"http:\/\/hajnoczy.com\/wp\/#website\"},\"datePublished\":\"2023-04-22T10:37:03+00:00\",\"dateModified\":\"2023-04-25T10:37:17+00:00\",\"breadcrumb\":{\"@id\":\"https:\/\/hajnoczy.com\/wp\/2023\/04\/22\/hajnoczysok-a-nobel-dijasok-es-tehetseges-diakok-xx-talalkozojan\/#breadcrumb\"},\"inLanguage\":\"hu\",\"potentialAction\":[{\"@type\":\"ReadAction\",\"target\":[\"https:\/\/hajnoczy.com\/wp\/2023\/04\/22\/hajnoczysok-a-nobel-dijasok-es-tehetseges-diakok-xx-talalkozojan\/\"]}]},{\"@type\":\"BreadcrumbList\",\"@id\":\"https:\/\/hajnoczy.com\/wp\/2023\/04\/22\/hajnoczysok-a-nobel-dijasok-es-tehetseges-diakok-xx-talalkozojan\/#breadcrumb\",\"itemListElement\":[{\"@type\":\"ListItem\",\"position\":1,\"name\":\"Kezd\u0151lap\",\"item\":\"http:\/\/hajnoczy.com\/wp\/\"},{\"@type\":\"ListItem\",\"position\":2,\"name\":\"Hajn\u00f3czysok a Nobel-d\u00edjasok \u00e9s tehets\u00e9ges di\u00e1kok XX. tal\u00e1lkoz\u00f3j\u00e1n\"}]},{\"@type\":\"WebSite\",\"@id\":\"http:\/\/hajnoczy.com\/wp\/#website\",\"url\":\"http:\/\/hajnoczy.com\/wp\/\",\"name\":\"HJG\",\"description\":\"Hajn\u00f3czy J\u00f3zsef Gimn\u00e1zium, Hum\u00e1n Szakgimn\u00e1zium \u00e9s Koll\u00e9gium\",\"publisher\":{\"@id\":\"http:\/\/hajnoczy.com\/wp\/#organization\"},\"potentialAction\":[{\"@type\":\"SearchAction\",\"target\":{\"@type\":\"EntryPoint\",\"urlTemplate\":\"http:\/\/hajnoczy.com\/wp\/?s={search_term_string}\"},\"query-input\":\"required name=search_term_string\"}],\"inLanguage\":\"hu\"},{\"@type\":\"Organization\",\"@id\":\"http:\/\/hajnoczy.com\/wp\/#organization\",\"name\":\"HJG\",\"url\":\"http:\/\/hajnoczy.com\/wp\/\",\"logo\":{\"@type\":\"ImageObject\",\"inLanguage\":\"hu\",\"@id\":\"http:\/\/hajnoczy.com\/wp\/#\/schema\/logo\/image\/\",\"url\":\"http:\/\/hajnoczy.com\/wp\/wp-content\/uploads\/2020\/10\/cropped-hjg_logo_small.png\",\"contentUrl\":\"http:\/\/hajnoczy.com\/wp\/wp-content\/uploads\/2020\/10\/cropped-hjg_logo_small.png\",\"width\":75,\"height\":75,\"caption\":\"HJG\"},\"image\":{\"@id\":\"http:\/\/hajnoczy.com\/wp\/#\/schema\/logo\/image\/\"}},{\"@type\":\"Person\",\"@id\":\"http:\/\/hajnoczy.com\/wp\/#\/schema\/person\/4344b3d03a831ddb709cb792e05b58f4\",\"name\":\"administrator\",\"image\":{\"@type\":\"ImageObject\",\"inLanguage\":\"hu\",\"@id\":\"http:\/\/hajnoczy.com\/wp\/#\/schema\/person\/image\/\",\"url\":\"http:\/\/0.gravatar.com\/avatar\/ff06296ecb6c99dcafbc8bf1354fe5fb?s=96&d=mm&r=g\",\"contentUrl\":\"http:\/\/0.gravatar.com\/avatar\/ff06296ecb6c99dcafbc8bf1354fe5fb?s=96&d=mm&r=g\",\"caption\":\"administrator\"},\"sameAs\":[\"http:\/\/hajnoczy.com\/wp\"],\"url\":\"http:\/\/hajnoczy.com\/wp\/author\/administrator\/\"}]}<\/script>\n<!-- \/ Yoast SEO plugin. -->","yoast_head_json":{"title":"Hajn\u00f3czysok a Nobel-d\u00edjasok \u00e9s tehets\u00e9ges di\u00e1kok XX. tal\u00e1lkoz\u00f3j\u00e1n - HJG","robots":{"index":"index","follow":"follow","max-snippet":"max-snippet:-1","max-image-preview":"max-image-preview:large","max-video-preview":"max-video-preview:-1"},"canonical":"https:\/\/hajnoczy.com\/wp\/2023\/04\/22\/hajnoczysok-a-nobel-dijasok-es-tehetseges-diakok-xx-talalkozojan\/","og_locale":"hu_HU","og_type":"article","og_title":"Hajn\u00f3czysok a Nobel-d\u00edjasok \u00e9s tehets\u00e9ges di\u00e1kok XX. tal\u00e1lkoz\u00f3j\u00e1n - HJG","og_description":"K\u00f6z\u00e9piskol\u00e1nk emelt szint\u0171 biol\u00f3gi\u00e1t tanul\u00f3i di\u00e1kjai imm\u00e1r m\u00e1sodik \u00e9ve vesznek r\u00e9szt a Nemzeti Tud\u00f3sk\u00e9pz\u0151 Akad\u00e9mia kutat\u00f3programjain. 2023. m\u00e1rcius 26. \u00e9s 30. k\u00f6z\u00f6tt a Szegedi Egyetem szervez\u00e9s\u00e9ben k\u00e9t hajn\u00f3czys di\u00e1kunk, Fodor Luca (12.a) \u00e9s Ander Bogl\u00e1rka (11.b) kapott megh\u00edv\u00e1st a kiemelked\u0151 Olvasson tov\u00e1bb ...","og_url":"https:\/\/hajnoczy.com\/wp\/2023\/04\/22\/hajnoczysok-a-nobel-dijasok-es-tehetseges-diakok-xx-talalkozojan\/","og_site_name":"HJG","article_published_time":"2023-04-22T10:37:03+00:00","article_modified_time":"2023-04-25T10:37:17+00:00","author":"administrator","twitter_card":"summary_large_image","twitter_misc":{"Szerz\u0151:":"administrator","Becs\u00fclt olvas\u00e1si id\u0151":"1 perc"},"schema":{"@context":"https:\/\/schema.org","@graph":[{"@type":"Article","@id":"https:\/\/hajnoczy.com\/wp\/2023\/04\/22\/hajnoczysok-a-nobel-dijasok-es-tehetseges-diakok-xx-talalkozojan\/#article","isPartOf":{"@id":"https:\/\/hajnoczy.com\/wp\/2023\/04\/22\/hajnoczysok-a-nobel-dijasok-es-tehetseges-diakok-xx-talalkozojan\/"},"author":{"name":"administrator","@id":"http:\/\/hajnoczy.com\/wp\/#\/schema\/person\/4344b3d03a831ddb709cb792e05b58f4"},"headline":"Hajn\u00f3czysok a Nobel-d\u00edjasok \u00e9s tehets\u00e9ges di\u00e1kok XX. tal\u00e1lkoz\u00f3j\u00e1n","datePublished":"2023-04-22T10:37:03+00:00","dateModified":"2023-04-25T10:37:17+00:00","mainEntityOfPage":{"@id":"https:\/\/hajnoczy.com\/wp\/2023\/04\/22\/hajnoczysok-a-nobel-dijasok-es-tehetseges-diakok-xx-talalkozojan\/"},"wordCount":216,"commentCount":0,"publisher":{"@id":"http:\/\/hajnoczy.com\/wp\/#organization"},"articleSection":["H\u00edrek, aktualit\u00e1sok"],"inLanguage":"hu","potentialAction":[{"@type":"CommentAction","name":"Comment","target":["https:\/\/hajnoczy.com\/wp\/2023\/04\/22\/hajnoczysok-a-nobel-dijasok-es-tehetseges-diakok-xx-talalkozojan\/#respond"]}]},{"@type":"WebPage","@id":"https:\/\/hajnoczy.com\/wp\/2023\/04\/22\/hajnoczysok-a-nobel-dijasok-es-tehetseges-diakok-xx-talalkozojan\/","url":"https:\/\/hajnoczy.com\/wp\/2023\/04\/22\/hajnoczysok-a-nobel-dijasok-es-tehetseges-diakok-xx-talalkozojan\/","name":"Hajn\u00f3czysok a Nobel-d\u00edjasok \u00e9s tehets\u00e9ges di\u00e1kok XX. tal\u00e1lkoz\u00f3j\u00e1n - HJG","isPartOf":{"@id":"http:\/\/hajnoczy.com\/wp\/#website"},"datePublished":"2023-04-22T10:37:03+00:00","dateModified":"2023-04-25T10:37:17+00:00","breadcrumb":{"@id":"https:\/\/hajnoczy.com\/wp\/2023\/04\/22\/hajnoczysok-a-nobel-dijasok-es-tehetseges-diakok-xx-talalkozojan\/#breadcrumb"},"inLanguage":"hu","potentialAction":[{"@type":"ReadAction","target":["https:\/\/hajnoczy.com\/wp\/2023\/04\/22\/hajnoczysok-a-nobel-dijasok-es-tehetseges-diakok-xx-talalkozojan\/"]}]},{"@type":"BreadcrumbList","@id":"https:\/\/hajnoczy.com\/wp\/2023\/04\/22\/hajnoczysok-a-nobel-dijasok-es-tehetseges-diakok-xx-talalkozojan\/#breadcrumb","itemListElement":[{"@type":"ListItem","position":1,"name":"Kezd\u0151lap","item":"http:\/\/hajnoczy.com\/wp\/"},{"@type":"ListItem","position":2,"name":"Hajn\u00f3czysok a Nobel-d\u00edjasok \u00e9s tehets\u00e9ges di\u00e1kok XX. tal\u00e1lkoz\u00f3j\u00e1n"}]},{"@type":"WebSite","@id":"http:\/\/hajnoczy.com\/wp\/#website","url":"http:\/\/hajnoczy.com\/wp\/","name":"HJG","description":"Hajn\u00f3czy J\u00f3zsef Gimn\u00e1zium, Hum\u00e1n Szakgimn\u00e1zium \u00e9s Koll\u00e9gium","publisher":{"@id":"http:\/\/hajnoczy.com\/wp\/#organization"},"potentialAction":[{"@type":"SearchAction","target":{"@type":"EntryPoint","urlTemplate":"http:\/\/hajnoczy.com\/wp\/?s={search_term_string}"},"query-input":"required name=search_term_string"}],"inLanguage":"hu"},{"@type":"Organization","@id":"http:\/\/hajnoczy.com\/wp\/#organization","name":"HJG","url":"http:\/\/hajnoczy.com\/wp\/","logo":{"@type":"ImageObject","inLanguage":"hu","@id":"http:\/\/hajnoczy.com\/wp\/#\/schema\/logo\/image\/","url":"http:\/\/hajnoczy.com\/wp\/wp-content\/uploads\/2020\/10\/cropped-hjg_logo_small.png","contentUrl":"http:\/\/hajnoczy.com\/wp\/wp-content\/uploads\/2020\/10\/cropped-hjg_logo_small.png","width":75,"height":75,"caption":"HJG"},"image":{"@id":"http:\/\/hajnoczy.com\/wp\/#\/schema\/logo\/image\/"}},{"@type":"Person","@id":"http:\/\/hajnoczy.com\/wp\/#\/schema\/person\/4344b3d03a831ddb709cb792e05b58f4","name":"administrator","image":{"@type":"ImageObject","inLanguage":"hu","@id":"http:\/\/hajnoczy.com\/wp\/#\/schema\/person\/image\/","url":"http:\/\/0.gravatar.com\/avatar\/ff06296ecb6c99dcafbc8bf1354fe5fb?s=96&d=mm&r=g","contentUrl":"http:\/\/0.gravatar.com\/avatar\/ff06296ecb6c99dcafbc8bf1354fe5fb?s=96&d=mm&r=g","caption":"administrator"},"sameAs":["http:\/\/hajnoczy.com\/wp"],"url":"http:\/\/hajnoczy.com\/wp\/author\/administrator\/"}]}},"_links":{"self":[{"href":"http:\/\/hajnoczy.com\/wp\/wp-json\/wp\/v2\/posts\/1027"}],"collection":[{"href":"http:\/\/hajnoczy.com\/wp\/wp-json\/wp\/v2\/posts"}],"about":[{"href":"http:\/\/hajnoczy.com\/wp\/wp-json\/wp\/v2\/types\/post"}],"author":[{"embeddable":true,"href":"http:\/\/hajnoczy.com\/wp\/wp-json\/wp\/v2\/users\/1"}],"replies":[{"embeddable":true,"href":"http:\/\/hajnoczy.com\/wp\/wp-json\/wp\/v2\/comments?post=1027"}],"version-history":[{"count":1,"href":"http:\/\/hajnoczy.com\/wp\/wp-json\/wp\/v2\/posts\/1027\/revisions"}],"predecessor-version":[{"id":1028,"href":"http:\/\/hajnoczy.com\/wp\/wp-json\/wp\/v2\/posts\/1027\/revisions\/1028"}],"wp:attachment":[{"href":"http:\/\/hajnoczy.com\/wp\/wp-json\/wp\/v2\/media?parent=1027"}],"wp:term":[{"taxonomy":"category","embeddable":true,"href":"http:\/\/hajnoczy.com\/wp\/wp-json\/wp\/v2\/categories?post=1027"},{"taxonomy":"post_tag","embeddable":true,"href":"http:\/\/hajnoczy.com\/wp\/wp-json\/wp\/v2\/tags?post=1027"}],"curies":[{"name":"wp","href":"https:\/\/api.w.org\/{rel}","templated":true}]}}