{"id":2980,"date":"2026-04-26T11:55:32","date_gmt":"2026-04-26T11:55:32","guid":{"rendered":"https:\/\/hajnoczy.com\/wp\/?p=2980"},"modified":"2026-04-26T11:56:47","modified_gmt":"2026-04-26T11:56:47","slug":"evfolyamosaink-sikere-a-varmegyei-nemet-nyelvi-versenyen-aprilis-17-en","status":"publish","type":"post","link":"http:\/\/hajnoczy.com\/wp\/2026\/04\/26\/evfolyamosaink-sikere-a-varmegyei-nemet-nyelvi-versenyen-aprilis-17-en\/","title":{"rendered":"Major Petra sikere t\u00f6rt\u00e9nelemb\u0151l"},"content":{"rendered":"\n<p>Az el\u0151z\u0151 tan\u00e9vhez hasonl\u00f3an id\u00e9n is sz\u00e9p eredm\u00e9ny sz\u00fcletett a Hajn\u00f3czyban t\u00f6rt\u00e9nelem tant\u00e1rgyb\u00f3l. Major Petra, iskol\u00e1nk 12.a oszt\u00e1lyos tanul\u00f3ja kiemelked\u0151 \u00edr\u00e1sbeli teljes\u00edtm\u00e9ny\u00e9nek k\u00f6sz\u00f6nhet\u0151en bejutott a Szolnoki Pedag\u00f3giai Oktat\u00e1si K\u00f6zpont \u00e1ltal szervezett t\u00f6rt\u00e9nelemverseny d\u00f6nt\u0151j\u00e9be. A hagyom\u00e1nyosan csak megyei versenynek nevezett megm\u00e9rettet\u00e9sen m\u00e1r nemcsak J\u00e1sz-Nagykun-Szolnok v\u00e1rmegye, hanem Pest v\u00e1rmegye egyes gimn\u00e1zium\u00e1nak tanul\u00f3i vehetnek r\u00e9szt. A sz\u00f3beli d\u00f6nt\u0151t 2026. \u00e1prilis 16-\u00e1n rendezt\u00e9k meg a Szolnoki Sz\u00e9chenyi Istv\u00e1n Gimn\u00e1zium \u00e9s M\u0171v\u00e9szeti Szakgimn\u00e1ziumban, ahol a versenyz\u0151knek 2 tag\u00fa zs\u0171ri el\u0151tt kellett sz\u00e1mot adniuk tud\u00e1sukr\u00f3l. A verseny tematik\u00e1ja az \u00f3kort\u00f3l a rendszerv\u00e1ltoztat\u00e1sig \u00f6lelte fel a k\u00f6z\u00e9piskolai tananyag t\u00e9mak\u00f6reit. A v\u00e9geredm\u00e9ny az \u00edr\u00e1sbeli \u00e9s sz\u00f3beli fordul\u00f3n szerzett pontok \u00f6sszes\u00edt\u00e9s\u00e9b\u0151l alakult ki. A Hajn\u00f3czy versenyz\u0151je a kiv\u00e1l\u00f3 \u00f6t\u00f6dik helyez\u00e9st \u00e9rte el. A versenyre felk\u00e9sz\u00edtette Feket\u00e9n\u00e9 Nov\u00e1k Zsuzsa tan\u00e1rn\u0151. Gratul\u00e1lunk Petr\u00e1nak \u00e9s hasonl\u00f3an sz\u00e9p eredm\u00e9nyeket k\u00edv\u00e1nunk az emelt szint\u0171 t\u00f6rt\u00e9nelem \u00e9retts\u00e9gij\u00e9hez is!<\/p>\n\n\n\n<p>K\u00e9p\u00fcnk\u00f6n Major Petra felk\u00e9sz\u00edt\u0151 tan\u00e1r\u00e1val, Feket\u00e9n\u00e9 Nov\u00e1k Zsuzsann\u00e1val, a Szolnoki Tanker\u00fcleti K\u00f6zpont Kiv\u00e1l\u00f3 Pedag\u00f3gusa d\u00edjas\u00e1val.<\/p>\n\n\n\n<p>Tov\u00e1bbi k\u00e9pek az iskola facebook oldal\u00e1n megtal\u00e1lhat\u00f3k: <a href=\"https:\/\/www.facebook.com\/hajnoczyg\">https:\/\/www.facebook.com\/hajnoczyg<\/a> <\/p>\n","protected":false},"excerpt":{"rendered":"<p>Az el\u0151z\u0151 tan\u00e9vhez hasonl\u00f3an id\u00e9n is sz\u00e9p eredm\u00e9ny sz\u00fcletett a Hajn\u00f3czyban t\u00f6rt\u00e9nelem tant\u00e1rgyb\u00f3l. Major Petra, iskol\u00e1nk 12.a oszt\u00e1lyos tanul\u00f3ja kiemelked\u0151 \u00edr\u00e1sbeli teljes\u00edtm\u00e9ny\u00e9nek k\u00f6sz\u00f6nhet\u0151en bejutott a Szolnoki Pedag\u00f3giai Oktat\u00e1si K\u00f6zpont \u00e1ltal szervezett t\u00f6rt\u00e9nelemverseny d\u00f6nt\u0151j\u00e9be. A hagyom\u00e1nyosan csak megyei versenynek nevezett megm\u00e9rettet\u00e9sen <a href=\"http:\/\/hajnoczy.com\/wp\/2026\/04\/26\/evfolyamosaink-sikere-a-varmegyei-nemet-nyelvi-versenyen-aprilis-17-en\/\" class=\"read-more\">Olvasson tov\u00e1bb &#8230;<\/a><\/p>\n","protected":false},"author":1,"featured_media":2984,"comment_status":"open","ping_status":"open","sticky":false,"template":"","format":"standard","meta":{"footnotes":""},"categories":[7],"tags":[],"yoast_head":"<!-- This site is optimized with the Yoast SEO plugin v22.6 - https:\/\/yoast.com\/wordpress\/plugins\/seo\/ -->\n<title>Major Petra sikere t\u00f6rt\u00e9nelemb\u0151l - HJG<\/title>\n<meta name=\"robots\" content=\"index, follow, max-snippet:-1, max-image-preview:large, max-video-preview:-1\" \/>\n<link rel=\"canonical\" href=\"https:\/\/hajnoczy.com\/wp\/2026\/04\/26\/evfolyamosaink-sikere-a-varmegyei-nemet-nyelvi-versenyen-aprilis-17-en\/\" \/>\n<meta property=\"og:locale\" content=\"hu_HU\" \/>\n<meta property=\"og:type\" content=\"article\" \/>\n<meta property=\"og:title\" content=\"Major Petra sikere t\u00f6rt\u00e9nelemb\u0151l - HJG\" \/>\n<meta property=\"og:description\" content=\"Az el\u0151z\u0151 tan\u00e9vhez hasonl\u00f3an id\u00e9n is sz\u00e9p eredm\u00e9ny sz\u00fcletett a Hajn\u00f3czyban t\u00f6rt\u00e9nelem tant\u00e1rgyb\u00f3l. Major Petra, iskol\u00e1nk 12.a oszt\u00e1lyos tanul\u00f3ja kiemelked\u0151 \u00edr\u00e1sbeli teljes\u00edtm\u00e9ny\u00e9nek k\u00f6sz\u00f6nhet\u0151en bejutott a Szolnoki Pedag\u00f3giai Oktat\u00e1si K\u00f6zpont \u00e1ltal szervezett t\u00f6rt\u00e9nelemverseny d\u00f6nt\u0151j\u00e9be. A hagyom\u00e1nyosan csak megyei versenynek nevezett megm\u00e9rettet\u00e9sen Olvasson tov\u00e1bb ...\" \/>\n<meta property=\"og:url\" content=\"https:\/\/hajnoczy.com\/wp\/2026\/04\/26\/evfolyamosaink-sikere-a-varmegyei-nemet-nyelvi-versenyen-aprilis-17-en\/\" \/>\n<meta property=\"og:site_name\" content=\"HJG\" \/>\n<meta property=\"article:published_time\" content=\"2026-04-26T11:55:32+00:00\" \/>\n<meta property=\"article:modified_time\" content=\"2026-04-26T11:56:47+00:00\" \/>\n<meta property=\"og:image\" content=\"https:\/\/hajnoczy.com\/wp\/wp-content\/uploads\/2026\/04\/tori_verseny.jpg\" \/>\n\t<meta property=\"og:image:width\" content=\"2048\" \/>\n\t<meta property=\"og:image:height\" content=\"1566\" \/>\n\t<meta property=\"og:image:type\" content=\"image\/jpeg\" \/>\n<meta name=\"author\" content=\"administrator\" \/>\n<meta name=\"twitter:card\" content=\"summary_large_image\" \/>\n<meta name=\"twitter:label1\" content=\"Szerz\u0151:\" \/>\n\t<meta name=\"twitter:data1\" content=\"administrator\" \/>\n\t<meta name=\"twitter:label2\" content=\"Becs\u00fclt olvas\u00e1si id\u0151\" \/>\n\t<meta name=\"twitter:data2\" content=\"2 perc\" \/>\n<script type=\"application\/ld+json\" class=\"yoast-schema-graph\">{\"@context\":\"https:\/\/schema.org\",\"@graph\":[{\"@type\":\"Article\",\"@id\":\"https:\/\/hajnoczy.com\/wp\/2026\/04\/26\/evfolyamosaink-sikere-a-varmegyei-nemet-nyelvi-versenyen-aprilis-17-en\/#article\",\"isPartOf\":{\"@id\":\"https:\/\/hajnoczy.com\/wp\/2026\/04\/26\/evfolyamosaink-sikere-a-varmegyei-nemet-nyelvi-versenyen-aprilis-17-en\/\"},\"author\":{\"name\":\"administrator\",\"@id\":\"https:\/\/hajnoczy.com\/wp\/#\/schema\/person\/4344b3d03a831ddb709cb792e05b58f4\"},\"headline\":\"Major Petra sikere t\u00f6rt\u00e9nelemb\u0151l\",\"datePublished\":\"2026-04-26T11:55:32+00:00\",\"dateModified\":\"2026-04-26T11:56:47+00:00\",\"mainEntityOfPage\":{\"@id\":\"https:\/\/hajnoczy.com\/wp\/2026\/04\/26\/evfolyamosaink-sikere-a-varmegyei-nemet-nyelvi-versenyen-aprilis-17-en\/\"},\"wordCount\":282,\"commentCount\":0,\"publisher\":{\"@id\":\"https:\/\/hajnoczy.com\/wp\/#organization\"},\"image\":{\"@id\":\"https:\/\/hajnoczy.com\/wp\/2026\/04\/26\/evfolyamosaink-sikere-a-varmegyei-nemet-nyelvi-versenyen-aprilis-17-en\/#primaryimage\"},\"thumbnailUrl\":\"http:\/\/hajnoczy.com\/wp\/wp-content\/uploads\/2026\/04\/tori_verseny.jpg\",\"articleSection\":[\"H\u00edrek, aktualit\u00e1sok\"],\"inLanguage\":\"hu\",\"potentialAction\":[{\"@type\":\"CommentAction\",\"name\":\"Comment\",\"target\":[\"https:\/\/hajnoczy.com\/wp\/2026\/04\/26\/evfolyamosaink-sikere-a-varmegyei-nemet-nyelvi-versenyen-aprilis-17-en\/#respond\"]}]},{\"@type\":\"WebPage\",\"@id\":\"https:\/\/hajnoczy.com\/wp\/2026\/04\/26\/evfolyamosaink-sikere-a-varmegyei-nemet-nyelvi-versenyen-aprilis-17-en\/\",\"url\":\"https:\/\/hajnoczy.com\/wp\/2026\/04\/26\/evfolyamosaink-sikere-a-varmegyei-nemet-nyelvi-versenyen-aprilis-17-en\/\",\"name\":\"Major Petra sikere t\u00f6rt\u00e9nelemb\u0151l - HJG\",\"isPartOf\":{\"@id\":\"https:\/\/hajnoczy.com\/wp\/#website\"},\"primaryImageOfPage\":{\"@id\":\"https:\/\/hajnoczy.com\/wp\/2026\/04\/26\/evfolyamosaink-sikere-a-varmegyei-nemet-nyelvi-versenyen-aprilis-17-en\/#primaryimage\"},\"image\":{\"@id\":\"https:\/\/hajnoczy.com\/wp\/2026\/04\/26\/evfolyamosaink-sikere-a-varmegyei-nemet-nyelvi-versenyen-aprilis-17-en\/#primaryimage\"},\"thumbnailUrl\":\"http:\/\/hajnoczy.com\/wp\/wp-content\/uploads\/2026\/04\/tori_verseny.jpg\",\"datePublished\":\"2026-04-26T11:55:32+00:00\",\"dateModified\":\"2026-04-26T11:56:47+00:00\",\"breadcrumb\":{\"@id\":\"https:\/\/hajnoczy.com\/wp\/2026\/04\/26\/evfolyamosaink-sikere-a-varmegyei-nemet-nyelvi-versenyen-aprilis-17-en\/#breadcrumb\"},\"inLanguage\":\"hu\",\"potentialAction\":[{\"@type\":\"ReadAction\",\"target\":[\"https:\/\/hajnoczy.com\/wp\/2026\/04\/26\/evfolyamosaink-sikere-a-varmegyei-nemet-nyelvi-versenyen-aprilis-17-en\/\"]}]},{\"@type\":\"ImageObject\",\"inLanguage\":\"hu\",\"@id\":\"https:\/\/hajnoczy.com\/wp\/2026\/04\/26\/evfolyamosaink-sikere-a-varmegyei-nemet-nyelvi-versenyen-aprilis-17-en\/#primaryimage\",\"url\":\"http:\/\/hajnoczy.com\/wp\/wp-content\/uploads\/2026\/04\/tori_verseny.jpg\",\"contentUrl\":\"http:\/\/hajnoczy.com\/wp\/wp-content\/uploads\/2026\/04\/tori_verseny.jpg\",\"width\":2048,\"height\":1566},{\"@type\":\"BreadcrumbList\",\"@id\":\"https:\/\/hajnoczy.com\/wp\/2026\/04\/26\/evfolyamosaink-sikere-a-varmegyei-nemet-nyelvi-versenyen-aprilis-17-en\/#breadcrumb\",\"itemListElement\":[{\"@type\":\"ListItem\",\"position\":1,\"name\":\"Kezd\u0151lap\",\"item\":\"https:\/\/hajnoczy.com\/wp\/\"},{\"@type\":\"ListItem\",\"position\":2,\"name\":\"Major Petra sikere t\u00f6rt\u00e9nelemb\u0151l\"}]},{\"@type\":\"WebSite\",\"@id\":\"https:\/\/hajnoczy.com\/wp\/#website\",\"url\":\"https:\/\/hajnoczy.com\/wp\/\",\"name\":\"HJG\",\"description\":\"Hajn\u00f3czy J\u00f3zsef Gimn\u00e1zium, Hum\u00e1n Szakgimn\u00e1zium \u00e9s Koll\u00e9gium\",\"publisher\":{\"@id\":\"https:\/\/hajnoczy.com\/wp\/#organization\"},\"potentialAction\":[{\"@type\":\"SearchAction\",\"target\":{\"@type\":\"EntryPoint\",\"urlTemplate\":\"https:\/\/hajnoczy.com\/wp\/?s={search_term_string}\"},\"query-input\":\"required name=search_term_string\"}],\"inLanguage\":\"hu\"},{\"@type\":\"Organization\",\"@id\":\"https:\/\/hajnoczy.com\/wp\/#organization\",\"name\":\"HJG\",\"url\":\"https:\/\/hajnoczy.com\/wp\/\",\"logo\":{\"@type\":\"ImageObject\",\"inLanguage\":\"hu\",\"@id\":\"https:\/\/hajnoczy.com\/wp\/#\/schema\/logo\/image\/\",\"url\":\"http:\/\/hajnoczy.com\/wp\/wp-content\/uploads\/2020\/10\/cropped-hjg_logo_small.png\",\"contentUrl\":\"http:\/\/hajnoczy.com\/wp\/wp-content\/uploads\/2020\/10\/cropped-hjg_logo_small.png\",\"width\":75,\"height\":75,\"caption\":\"HJG\"},\"image\":{\"@id\":\"https:\/\/hajnoczy.com\/wp\/#\/schema\/logo\/image\/\"}},{\"@type\":\"Person\",\"@id\":\"https:\/\/hajnoczy.com\/wp\/#\/schema\/person\/4344b3d03a831ddb709cb792e05b58f4\",\"name\":\"administrator\",\"image\":{\"@type\":\"ImageObject\",\"inLanguage\":\"hu\",\"@id\":\"https:\/\/hajnoczy.com\/wp\/#\/schema\/person\/image\/\",\"url\":\"http:\/\/0.gravatar.com\/avatar\/ff06296ecb6c99dcafbc8bf1354fe5fb?s=96&d=mm&r=g\",\"contentUrl\":\"http:\/\/0.gravatar.com\/avatar\/ff06296ecb6c99dcafbc8bf1354fe5fb?s=96&d=mm&r=g\",\"caption\":\"administrator\"},\"sameAs\":[\"http:\/\/hajnoczy.com\/wp\"],\"url\":\"http:\/\/hajnoczy.com\/wp\/author\/administrator\/\"}]}<\/script>\n<!-- \/ Yoast SEO plugin. -->","yoast_head_json":{"title":"Major Petra sikere t\u00f6rt\u00e9nelemb\u0151l - HJG","robots":{"index":"index","follow":"follow","max-snippet":"max-snippet:-1","max-image-preview":"max-image-preview:large","max-video-preview":"max-video-preview:-1"},"canonical":"https:\/\/hajnoczy.com\/wp\/2026\/04\/26\/evfolyamosaink-sikere-a-varmegyei-nemet-nyelvi-versenyen-aprilis-17-en\/","og_locale":"hu_HU","og_type":"article","og_title":"Major Petra sikere t\u00f6rt\u00e9nelemb\u0151l - HJG","og_description":"Az el\u0151z\u0151 tan\u00e9vhez hasonl\u00f3an id\u00e9n is sz\u00e9p eredm\u00e9ny sz\u00fcletett a Hajn\u00f3czyban t\u00f6rt\u00e9nelem tant\u00e1rgyb\u00f3l. Major Petra, iskol\u00e1nk 12.a oszt\u00e1lyos tanul\u00f3ja kiemelked\u0151 \u00edr\u00e1sbeli teljes\u00edtm\u00e9ny\u00e9nek k\u00f6sz\u00f6nhet\u0151en bejutott a Szolnoki Pedag\u00f3giai Oktat\u00e1si K\u00f6zpont \u00e1ltal szervezett t\u00f6rt\u00e9nelemverseny d\u00f6nt\u0151j\u00e9be. A hagyom\u00e1nyosan csak megyei versenynek nevezett megm\u00e9rettet\u00e9sen Olvasson tov\u00e1bb ...","og_url":"https:\/\/hajnoczy.com\/wp\/2026\/04\/26\/evfolyamosaink-sikere-a-varmegyei-nemet-nyelvi-versenyen-aprilis-17-en\/","og_site_name":"HJG","article_published_time":"2026-04-26T11:55:32+00:00","article_modified_time":"2026-04-26T11:56:47+00:00","og_image":[{"width":2048,"height":1566,"url":"https:\/\/hajnoczy.com\/wp\/wp-content\/uploads\/2026\/04\/tori_verseny.jpg","type":"image\/jpeg"}],"author":"administrator","twitter_card":"summary_large_image","twitter_misc":{"Szerz\u0151:":"administrator","Becs\u00fclt olvas\u00e1si id\u0151":"2 perc"},"schema":{"@context":"https:\/\/schema.org","@graph":[{"@type":"Article","@id":"https:\/\/hajnoczy.com\/wp\/2026\/04\/26\/evfolyamosaink-sikere-a-varmegyei-nemet-nyelvi-versenyen-aprilis-17-en\/#article","isPartOf":{"@id":"https:\/\/hajnoczy.com\/wp\/2026\/04\/26\/evfolyamosaink-sikere-a-varmegyei-nemet-nyelvi-versenyen-aprilis-17-en\/"},"author":{"name":"administrator","@id":"https:\/\/hajnoczy.com\/wp\/#\/schema\/person\/4344b3d03a831ddb709cb792e05b58f4"},"headline":"Major Petra sikere t\u00f6rt\u00e9nelemb\u0151l","datePublished":"2026-04-26T11:55:32+00:00","dateModified":"2026-04-26T11:56:47+00:00","mainEntityOfPage":{"@id":"https:\/\/hajnoczy.com\/wp\/2026\/04\/26\/evfolyamosaink-sikere-a-varmegyei-nemet-nyelvi-versenyen-aprilis-17-en\/"},"wordCount":282,"commentCount":0,"publisher":{"@id":"https:\/\/hajnoczy.com\/wp\/#organization"},"image":{"@id":"https:\/\/hajnoczy.com\/wp\/2026\/04\/26\/evfolyamosaink-sikere-a-varmegyei-nemet-nyelvi-versenyen-aprilis-17-en\/#primaryimage"},"thumbnailUrl":"http:\/\/hajnoczy.com\/wp\/wp-content\/uploads\/2026\/04\/tori_verseny.jpg","articleSection":["H\u00edrek, aktualit\u00e1sok"],"inLanguage":"hu","potentialAction":[{"@type":"CommentAction","name":"Comment","target":["https:\/\/hajnoczy.com\/wp\/2026\/04\/26\/evfolyamosaink-sikere-a-varmegyei-nemet-nyelvi-versenyen-aprilis-17-en\/#respond"]}]},{"@type":"WebPage","@id":"https:\/\/hajnoczy.com\/wp\/2026\/04\/26\/evfolyamosaink-sikere-a-varmegyei-nemet-nyelvi-versenyen-aprilis-17-en\/","url":"https:\/\/hajnoczy.com\/wp\/2026\/04\/26\/evfolyamosaink-sikere-a-varmegyei-nemet-nyelvi-versenyen-aprilis-17-en\/","name":"Major Petra sikere t\u00f6rt\u00e9nelemb\u0151l - HJG","isPartOf":{"@id":"https:\/\/hajnoczy.com\/wp\/#website"},"primaryImageOfPage":{"@id":"https:\/\/hajnoczy.com\/wp\/2026\/04\/26\/evfolyamosaink-sikere-a-varmegyei-nemet-nyelvi-versenyen-aprilis-17-en\/#primaryimage"},"image":{"@id":"https:\/\/hajnoczy.com\/wp\/2026\/04\/26\/evfolyamosaink-sikere-a-varmegyei-nemet-nyelvi-versenyen-aprilis-17-en\/#primaryimage"},"thumbnailUrl":"http:\/\/hajnoczy.com\/wp\/wp-content\/uploads\/2026\/04\/tori_verseny.jpg","datePublished":"2026-04-26T11:55:32+00:00","dateModified":"2026-04-26T11:56:47+00:00","breadcrumb":{"@id":"https:\/\/hajnoczy.com\/wp\/2026\/04\/26\/evfolyamosaink-sikere-a-varmegyei-nemet-nyelvi-versenyen-aprilis-17-en\/#breadcrumb"},"inLanguage":"hu","potentialAction":[{"@type":"ReadAction","target":["https:\/\/hajnoczy.com\/wp\/2026\/04\/26\/evfolyamosaink-sikere-a-varmegyei-nemet-nyelvi-versenyen-aprilis-17-en\/"]}]},{"@type":"ImageObject","inLanguage":"hu","@id":"https:\/\/hajnoczy.com\/wp\/2026\/04\/26\/evfolyamosaink-sikere-a-varmegyei-nemet-nyelvi-versenyen-aprilis-17-en\/#primaryimage","url":"http:\/\/hajnoczy.com\/wp\/wp-content\/uploads\/2026\/04\/tori_verseny.jpg","contentUrl":"http:\/\/hajnoczy.com\/wp\/wp-content\/uploads\/2026\/04\/tori_verseny.jpg","width":2048,"height":1566},{"@type":"BreadcrumbList","@id":"https:\/\/hajnoczy.com\/wp\/2026\/04\/26\/evfolyamosaink-sikere-a-varmegyei-nemet-nyelvi-versenyen-aprilis-17-en\/#breadcrumb","itemListElement":[{"@type":"ListItem","position":1,"name":"Kezd\u0151lap","item":"https:\/\/hajnoczy.com\/wp\/"},{"@type":"ListItem","position":2,"name":"Major Petra sikere t\u00f6rt\u00e9nelemb\u0151l"}]},{"@type":"WebSite","@id":"https:\/\/hajnoczy.com\/wp\/#website","url":"https:\/\/hajnoczy.com\/wp\/","name":"HJG","description":"Hajn\u00f3czy J\u00f3zsef Gimn\u00e1zium, Hum\u00e1n Szakgimn\u00e1zium \u00e9s Koll\u00e9gium","publisher":{"@id":"https:\/\/hajnoczy.com\/wp\/#organization"},"potentialAction":[{"@type":"SearchAction","target":{"@type":"EntryPoint","urlTemplate":"https:\/\/hajnoczy.com\/wp\/?s={search_term_string}"},"query-input":"required name=search_term_string"}],"inLanguage":"hu"},{"@type":"Organization","@id":"https:\/\/hajnoczy.com\/wp\/#organization","name":"HJG","url":"https:\/\/hajnoczy.com\/wp\/","logo":{"@type":"ImageObject","inLanguage":"hu","@id":"https:\/\/hajnoczy.com\/wp\/#\/schema\/logo\/image\/","url":"http:\/\/hajnoczy.com\/wp\/wp-content\/uploads\/2020\/10\/cropped-hjg_logo_small.png","contentUrl":"http:\/\/hajnoczy.com\/wp\/wp-content\/uploads\/2020\/10\/cropped-hjg_logo_small.png","width":75,"height":75,"caption":"HJG"},"image":{"@id":"https:\/\/hajnoczy.com\/wp\/#\/schema\/logo\/image\/"}},{"@type":"Person","@id":"https:\/\/hajnoczy.com\/wp\/#\/schema\/person\/4344b3d03a831ddb709cb792e05b58f4","name":"administrator","image":{"@type":"ImageObject","inLanguage":"hu","@id":"https:\/\/hajnoczy.com\/wp\/#\/schema\/person\/image\/","url":"http:\/\/0.gravatar.com\/avatar\/ff06296ecb6c99dcafbc8bf1354fe5fb?s=96&d=mm&r=g","contentUrl":"http:\/\/0.gravatar.com\/avatar\/ff06296ecb6c99dcafbc8bf1354fe5fb?s=96&d=mm&r=g","caption":"administrator"},"sameAs":["http:\/\/hajnoczy.com\/wp"],"url":"http:\/\/hajnoczy.com\/wp\/author\/administrator\/"}]}},"_links":{"self":[{"href":"http:\/\/hajnoczy.com\/wp\/wp-json\/wp\/v2\/posts\/2980"}],"collection":[{"href":"http:\/\/hajnoczy.com\/wp\/wp-json\/wp\/v2\/posts"}],"about":[{"href":"http:\/\/hajnoczy.com\/wp\/wp-json\/wp\/v2\/types\/post"}],"author":[{"embeddable":true,"href":"http:\/\/hajnoczy.com\/wp\/wp-json\/wp\/v2\/users\/1"}],"replies":[{"embeddable":true,"href":"http:\/\/hajnoczy.com\/wp\/wp-json\/wp\/v2\/comments?post=2980"}],"version-history":[{"count":3,"href":"http:\/\/hajnoczy.com\/wp\/wp-json\/wp\/v2\/posts\/2980\/revisions"}],"predecessor-version":[{"id":2985,"href":"http:\/\/hajnoczy.com\/wp\/wp-json\/wp\/v2\/posts\/2980\/revisions\/2985"}],"wp:featuredmedia":[{"embeddable":true,"href":"http:\/\/hajnoczy.com\/wp\/wp-json\/wp\/v2\/media\/2984"}],"wp:attachment":[{"href":"http:\/\/hajnoczy.com\/wp\/wp-json\/wp\/v2\/media?parent=2980"}],"wp:term":[{"taxonomy":"category","embeddable":true,"href":"http:\/\/hajnoczy.com\/wp\/wp-json\/wp\/v2\/categories?post=2980"},{"taxonomy":"post_tag","embeddable":true,"href":"http:\/\/hajnoczy.com\/wp\/wp-json\/wp\/v2\/tags?post=2980"}],"curies":[{"name":"wp","href":"https:\/\/api.w.org\/{rel}","templated":true}]}}