{"id":2988,"date":"2026-04-26T11:59:16","date_gmt":"2026-04-26T11:59:16","guid":{"rendered":"https:\/\/hajnoczy.com\/wp\/?p=2988"},"modified":"2026-04-26T11:59:16","modified_gmt":"2026-04-26T11:59:16","slug":"hajnoczy-es-damjanich-kollegium-altal-szervezett-iii-elmebajnoksag-vetelkedo","status":"publish","type":"post","link":"http:\/\/hajnoczy.com\/wp\/2026\/04\/26\/hajnoczy-es-damjanich-kollegium-altal-szervezett-iii-elmebajnoksag-vetelkedo\/","title":{"rendered":"Hajn\u00f3czy \u00e9s Damjanich koll\u00e9gium \u00e1ltal szervezett III. Elmebajnoks\u00e1g vet\u00e9lked\u0151"},"content":{"rendered":"\n<p>Imm\u00e1ron harmadik alkalommal ker\u00fclt megrendez\u00e9sre a Koll\u00e9giumi Elmebajnoks\u00e1g vet\u00e9lked\u0151, melyen koll\u00e9gist\u00e1ink \u00f6sszem\u00e9rhett\u00e9k tud\u00e1sukat. A rendezv\u00e9ny helysz\u00edne az idei tan\u00e9vben is a Martf\u0171 V\u00e1rosi M\u0171vel\u0151d\u00e9si K\u00f6zpont \u00e9s K\u00f6nyvt\u00e1r ifj\u00fas\u00e1gi terme volt. A k\u00e9t int\u00e9zm\u00e9ny nem egym\u00e1s ellen versengett, hanem csapattagonk\u00e9nt egym\u00e1st seg\u00edtett\u00e9k a tanul\u00f3k. N\u00e9gy csapat indult &#8222;harcba&#8221; a min\u00e9l el\u0151kel\u0151bb helyez\u00e9sek megszerz\u00e9s\u00e9\u00e9rt. A d\u00edjakat \u00e9s okleveleket nem kapt\u00e1k meg egyk\u00f6nnyen tanul\u00f3ink, j\u00f3l meg kellett dolgozniuk azok\u00e9rt. Vill\u00e1mk\u00e9rd\u00e9s k\u00f6r\u00f6k\u00f6n, egy igencsak elgondolkodtat\u00f3 tot\u00f3n, illetve zenei \u2013 orsz\u00e1gok himnuszait felismer\u0151 \u2013 feladatban kellett kiv\u00e1l\u00f3an teljes\u00edteni\u00fck a koll\u00e9gista tanul\u00f3knak.<\/p>\n\n\n\n<p>Az el\u0151kel\u0151 1. helyez\u00e9st el\u00e9rt csapat tagjai:<\/p>\n\n\n\n<p>Baricza Krisztina<\/p>\n\n\n\n<p>F\u00f6ldi Bence<\/p>\n\n\n\n<p>Niklesz Levente<\/p>\n\n\n\n<p>Sz\u00e9kely Zo\u00e9 Beatrix<\/p>\n\n\n\n<p>Gratul\u00e1lunk koll\u00e9gist\u00e1inknak, \u00e9s k\u00f6sz\u00f6nj\u00fck S\u00e1pi Vilmos tan\u00e1r \u00farnak a fantasztikus feladatok kital\u00e1l\u00e1s\u00e1t, az elmebajnoks\u00e1g levezet\u00e9s\u00e9t!<\/p>\n\n\n\n<p>Forg\u00f3n\u00e9 Szab\u00f3 Anik\u00f3<\/p>\n\n\n\n<p>koll\u00e9giumi csoportvezet\u0151<\/p>\n\n\n\n<p>Tov\u00e1bbi k\u00e9pek az iskola facebook oldal\u00e1n megtal\u00e1lhat\u00f3k: <a href=\"https:\/\/www.facebook.com\/hajnoczyg\">https:\/\/www.facebook.com\/hajnoczyg<\/a> <\/p>\n","protected":false},"excerpt":{"rendered":"<p>Imm\u00e1ron harmadik alkalommal ker\u00fclt megrendez\u00e9sre a Koll\u00e9giumi Elmebajnoks\u00e1g vet\u00e9lked\u0151, melyen koll\u00e9gist\u00e1ink \u00f6sszem\u00e9rhett\u00e9k tud\u00e1sukat. A rendezv\u00e9ny helysz\u00edne az idei tan\u00e9vben is a Martf\u0171 V\u00e1rosi M\u0171vel\u0151d\u00e9si K\u00f6zpont \u00e9s K\u00f6nyvt\u00e1r ifj\u00fas\u00e1gi terme volt. A k\u00e9t int\u00e9zm\u00e9ny nem egym\u00e1s ellen versengett, hanem csapattagonk\u00e9nt egym\u00e1st <a href=\"http:\/\/hajnoczy.com\/wp\/2026\/04\/26\/hajnoczy-es-damjanich-kollegium-altal-szervezett-iii-elmebajnoksag-vetelkedo\/\" class=\"read-more\">Olvasson tov\u00e1bb &#8230;<\/a><\/p>\n","protected":false},"author":1,"featured_media":2989,"comment_status":"open","ping_status":"open","sticky":false,"template":"","format":"standard","meta":{"footnotes":""},"categories":[7],"tags":[],"yoast_head":"<!-- This site is optimized with the Yoast SEO plugin v22.6 - https:\/\/yoast.com\/wordpress\/plugins\/seo\/ -->\n<title>Hajn\u00f3czy \u00e9s Damjanich koll\u00e9gium \u00e1ltal szervezett III. Elmebajnoks\u00e1g vet\u00e9lked\u0151 - HJG<\/title>\n<meta name=\"robots\" content=\"index, follow, max-snippet:-1, max-image-preview:large, max-video-preview:-1\" \/>\n<link rel=\"canonical\" href=\"https:\/\/hajnoczy.com\/wp\/2026\/04\/26\/hajnoczy-es-damjanich-kollegium-altal-szervezett-iii-elmebajnoksag-vetelkedo\/\" \/>\n<meta property=\"og:locale\" content=\"hu_HU\" \/>\n<meta property=\"og:type\" content=\"article\" \/>\n<meta property=\"og:title\" content=\"Hajn\u00f3czy \u00e9s Damjanich koll\u00e9gium \u00e1ltal szervezett III. Elmebajnoks\u00e1g vet\u00e9lked\u0151 - HJG\" \/>\n<meta property=\"og:description\" content=\"Imm\u00e1ron harmadik alkalommal ker\u00fclt megrendez\u00e9sre a Koll\u00e9giumi Elmebajnoks\u00e1g vet\u00e9lked\u0151, melyen koll\u00e9gist\u00e1ink \u00f6sszem\u00e9rhett\u00e9k tud\u00e1sukat. A rendezv\u00e9ny helysz\u00edne az idei tan\u00e9vben is a Martf\u0171 V\u00e1rosi M\u0171vel\u0151d\u00e9si K\u00f6zpont \u00e9s K\u00f6nyvt\u00e1r ifj\u00fas\u00e1gi terme volt. A k\u00e9t int\u00e9zm\u00e9ny nem egym\u00e1s ellen versengett, hanem csapattagonk\u00e9nt egym\u00e1st Olvasson tov\u00e1bb ...\" \/>\n<meta property=\"og:url\" content=\"https:\/\/hajnoczy.com\/wp\/2026\/04\/26\/hajnoczy-es-damjanich-kollegium-altal-szervezett-iii-elmebajnoksag-vetelkedo\/\" \/>\n<meta property=\"og:site_name\" content=\"HJG\" \/>\n<meta property=\"article:published_time\" content=\"2026-04-26T11:59:16+00:00\" \/>\n<meta property=\"og:image\" content=\"https:\/\/hajnoczy.com\/wp\/wp-content\/uploads\/2026\/04\/elmebajnoksag.jpg\" \/>\n\t<meta property=\"og:image:width\" content=\"1777\" \/>\n\t<meta property=\"og:image:height\" content=\"1171\" \/>\n\t<meta property=\"og:image:type\" content=\"image\/jpeg\" \/>\n<meta name=\"author\" content=\"administrator\" \/>\n<meta name=\"twitter:card\" content=\"summary_large_image\" \/>\n<meta name=\"twitter:label1\" content=\"Szerz\u0151:\" \/>\n\t<meta name=\"twitter:data1\" content=\"administrator\" \/>\n\t<meta name=\"twitter:label2\" content=\"Becs\u00fclt olvas\u00e1si id\u0151\" \/>\n\t<meta name=\"twitter:data2\" content=\"1 perc\" \/>\n<script type=\"application\/ld+json\" class=\"yoast-schema-graph\">{\"@context\":\"https:\/\/schema.org\",\"@graph\":[{\"@type\":\"Article\",\"@id\":\"https:\/\/hajnoczy.com\/wp\/2026\/04\/26\/hajnoczy-es-damjanich-kollegium-altal-szervezett-iii-elmebajnoksag-vetelkedo\/#article\",\"isPartOf\":{\"@id\":\"https:\/\/hajnoczy.com\/wp\/2026\/04\/26\/hajnoczy-es-damjanich-kollegium-altal-szervezett-iii-elmebajnoksag-vetelkedo\/\"},\"author\":{\"name\":\"administrator\",\"@id\":\"https:\/\/hajnoczy.com\/wp\/#\/schema\/person\/4344b3d03a831ddb709cb792e05b58f4\"},\"headline\":\"Hajn\u00f3czy \u00e9s Damjanich koll\u00e9gium \u00e1ltal szervezett III. Elmebajnoks\u00e1g vet\u00e9lked\u0151\",\"datePublished\":\"2026-04-26T11:59:16+00:00\",\"dateModified\":\"2026-04-26T11:59:16+00:00\",\"mainEntityOfPage\":{\"@id\":\"https:\/\/hajnoczy.com\/wp\/2026\/04\/26\/hajnoczy-es-damjanich-kollegium-altal-szervezett-iii-elmebajnoksag-vetelkedo\/\"},\"wordCount\":229,\"commentCount\":0,\"publisher\":{\"@id\":\"https:\/\/hajnoczy.com\/wp\/#organization\"},\"image\":{\"@id\":\"https:\/\/hajnoczy.com\/wp\/2026\/04\/26\/hajnoczy-es-damjanich-kollegium-altal-szervezett-iii-elmebajnoksag-vetelkedo\/#primaryimage\"},\"thumbnailUrl\":\"http:\/\/hajnoczy.com\/wp\/wp-content\/uploads\/2026\/04\/elmebajnoksag.jpg\",\"articleSection\":[\"H\u00edrek, aktualit\u00e1sok\"],\"inLanguage\":\"hu\",\"potentialAction\":[{\"@type\":\"CommentAction\",\"name\":\"Comment\",\"target\":[\"https:\/\/hajnoczy.com\/wp\/2026\/04\/26\/hajnoczy-es-damjanich-kollegium-altal-szervezett-iii-elmebajnoksag-vetelkedo\/#respond\"]}]},{\"@type\":\"WebPage\",\"@id\":\"https:\/\/hajnoczy.com\/wp\/2026\/04\/26\/hajnoczy-es-damjanich-kollegium-altal-szervezett-iii-elmebajnoksag-vetelkedo\/\",\"url\":\"https:\/\/hajnoczy.com\/wp\/2026\/04\/26\/hajnoczy-es-damjanich-kollegium-altal-szervezett-iii-elmebajnoksag-vetelkedo\/\",\"name\":\"Hajn\u00f3czy \u00e9s Damjanich koll\u00e9gium \u00e1ltal szervezett III. Elmebajnoks\u00e1g vet\u00e9lked\u0151 - HJG\",\"isPartOf\":{\"@id\":\"https:\/\/hajnoczy.com\/wp\/#website\"},\"primaryImageOfPage\":{\"@id\":\"https:\/\/hajnoczy.com\/wp\/2026\/04\/26\/hajnoczy-es-damjanich-kollegium-altal-szervezett-iii-elmebajnoksag-vetelkedo\/#primaryimage\"},\"image\":{\"@id\":\"https:\/\/hajnoczy.com\/wp\/2026\/04\/26\/hajnoczy-es-damjanich-kollegium-altal-szervezett-iii-elmebajnoksag-vetelkedo\/#primaryimage\"},\"thumbnailUrl\":\"http:\/\/hajnoczy.com\/wp\/wp-content\/uploads\/2026\/04\/elmebajnoksag.jpg\",\"datePublished\":\"2026-04-26T11:59:16+00:00\",\"dateModified\":\"2026-04-26T11:59:16+00:00\",\"breadcrumb\":{\"@id\":\"https:\/\/hajnoczy.com\/wp\/2026\/04\/26\/hajnoczy-es-damjanich-kollegium-altal-szervezett-iii-elmebajnoksag-vetelkedo\/#breadcrumb\"},\"inLanguage\":\"hu\",\"potentialAction\":[{\"@type\":\"ReadAction\",\"target\":[\"https:\/\/hajnoczy.com\/wp\/2026\/04\/26\/hajnoczy-es-damjanich-kollegium-altal-szervezett-iii-elmebajnoksag-vetelkedo\/\"]}]},{\"@type\":\"ImageObject\",\"inLanguage\":\"hu\",\"@id\":\"https:\/\/hajnoczy.com\/wp\/2026\/04\/26\/hajnoczy-es-damjanich-kollegium-altal-szervezett-iii-elmebajnoksag-vetelkedo\/#primaryimage\",\"url\":\"http:\/\/hajnoczy.com\/wp\/wp-content\/uploads\/2026\/04\/elmebajnoksag.jpg\",\"contentUrl\":\"http:\/\/hajnoczy.com\/wp\/wp-content\/uploads\/2026\/04\/elmebajnoksag.jpg\",\"width\":1777,\"height\":1171},{\"@type\":\"BreadcrumbList\",\"@id\":\"https:\/\/hajnoczy.com\/wp\/2026\/04\/26\/hajnoczy-es-damjanich-kollegium-altal-szervezett-iii-elmebajnoksag-vetelkedo\/#breadcrumb\",\"itemListElement\":[{\"@type\":\"ListItem\",\"position\":1,\"name\":\"Kezd\u0151lap\",\"item\":\"https:\/\/hajnoczy.com\/wp\/\"},{\"@type\":\"ListItem\",\"position\":2,\"name\":\"Hajn\u00f3czy \u00e9s Damjanich koll\u00e9gium \u00e1ltal szervezett III. Elmebajnoks\u00e1g vet\u00e9lked\u0151\"}]},{\"@type\":\"WebSite\",\"@id\":\"https:\/\/hajnoczy.com\/wp\/#website\",\"url\":\"https:\/\/hajnoczy.com\/wp\/\",\"name\":\"HJG\",\"description\":\"Hajn\u00f3czy J\u00f3zsef Gimn\u00e1zium, Hum\u00e1n Szakgimn\u00e1zium \u00e9s Koll\u00e9gium\",\"publisher\":{\"@id\":\"https:\/\/hajnoczy.com\/wp\/#organization\"},\"potentialAction\":[{\"@type\":\"SearchAction\",\"target\":{\"@type\":\"EntryPoint\",\"urlTemplate\":\"https:\/\/hajnoczy.com\/wp\/?s={search_term_string}\"},\"query-input\":\"required name=search_term_string\"}],\"inLanguage\":\"hu\"},{\"@type\":\"Organization\",\"@id\":\"https:\/\/hajnoczy.com\/wp\/#organization\",\"name\":\"HJG\",\"url\":\"https:\/\/hajnoczy.com\/wp\/\",\"logo\":{\"@type\":\"ImageObject\",\"inLanguage\":\"hu\",\"@id\":\"https:\/\/hajnoczy.com\/wp\/#\/schema\/logo\/image\/\",\"url\":\"http:\/\/hajnoczy.com\/wp\/wp-content\/uploads\/2020\/10\/cropped-hjg_logo_small.png\",\"contentUrl\":\"http:\/\/hajnoczy.com\/wp\/wp-content\/uploads\/2020\/10\/cropped-hjg_logo_small.png\",\"width\":75,\"height\":75,\"caption\":\"HJG\"},\"image\":{\"@id\":\"https:\/\/hajnoczy.com\/wp\/#\/schema\/logo\/image\/\"}},{\"@type\":\"Person\",\"@id\":\"https:\/\/hajnoczy.com\/wp\/#\/schema\/person\/4344b3d03a831ddb709cb792e05b58f4\",\"name\":\"administrator\",\"image\":{\"@type\":\"ImageObject\",\"inLanguage\":\"hu\",\"@id\":\"https:\/\/hajnoczy.com\/wp\/#\/schema\/person\/image\/\",\"url\":\"http:\/\/0.gravatar.com\/avatar\/ff06296ecb6c99dcafbc8bf1354fe5fb?s=96&d=mm&r=g\",\"contentUrl\":\"http:\/\/0.gravatar.com\/avatar\/ff06296ecb6c99dcafbc8bf1354fe5fb?s=96&d=mm&r=g\",\"caption\":\"administrator\"},\"sameAs\":[\"http:\/\/hajnoczy.com\/wp\"],\"url\":\"http:\/\/hajnoczy.com\/wp\/author\/administrator\/\"}]}<\/script>\n<!-- \/ Yoast SEO plugin. -->","yoast_head_json":{"title":"Hajn\u00f3czy \u00e9s Damjanich koll\u00e9gium \u00e1ltal szervezett III. Elmebajnoks\u00e1g vet\u00e9lked\u0151 - HJG","robots":{"index":"index","follow":"follow","max-snippet":"max-snippet:-1","max-image-preview":"max-image-preview:large","max-video-preview":"max-video-preview:-1"},"canonical":"https:\/\/hajnoczy.com\/wp\/2026\/04\/26\/hajnoczy-es-damjanich-kollegium-altal-szervezett-iii-elmebajnoksag-vetelkedo\/","og_locale":"hu_HU","og_type":"article","og_title":"Hajn\u00f3czy \u00e9s Damjanich koll\u00e9gium \u00e1ltal szervezett III. Elmebajnoks\u00e1g vet\u00e9lked\u0151 - HJG","og_description":"Imm\u00e1ron harmadik alkalommal ker\u00fclt megrendez\u00e9sre a Koll\u00e9giumi Elmebajnoks\u00e1g vet\u00e9lked\u0151, melyen koll\u00e9gist\u00e1ink \u00f6sszem\u00e9rhett\u00e9k tud\u00e1sukat. A rendezv\u00e9ny helysz\u00edne az idei tan\u00e9vben is a Martf\u0171 V\u00e1rosi M\u0171vel\u0151d\u00e9si K\u00f6zpont \u00e9s K\u00f6nyvt\u00e1r ifj\u00fas\u00e1gi terme volt. A k\u00e9t int\u00e9zm\u00e9ny nem egym\u00e1s ellen versengett, hanem csapattagonk\u00e9nt egym\u00e1st Olvasson tov\u00e1bb ...","og_url":"https:\/\/hajnoczy.com\/wp\/2026\/04\/26\/hajnoczy-es-damjanich-kollegium-altal-szervezett-iii-elmebajnoksag-vetelkedo\/","og_site_name":"HJG","article_published_time":"2026-04-26T11:59:16+00:00","og_image":[{"width":1777,"height":1171,"url":"https:\/\/hajnoczy.com\/wp\/wp-content\/uploads\/2026\/04\/elmebajnoksag.jpg","type":"image\/jpeg"}],"author":"administrator","twitter_card":"summary_large_image","twitter_misc":{"Szerz\u0151:":"administrator","Becs\u00fclt olvas\u00e1si id\u0151":"1 perc"},"schema":{"@context":"https:\/\/schema.org","@graph":[{"@type":"Article","@id":"https:\/\/hajnoczy.com\/wp\/2026\/04\/26\/hajnoczy-es-damjanich-kollegium-altal-szervezett-iii-elmebajnoksag-vetelkedo\/#article","isPartOf":{"@id":"https:\/\/hajnoczy.com\/wp\/2026\/04\/26\/hajnoczy-es-damjanich-kollegium-altal-szervezett-iii-elmebajnoksag-vetelkedo\/"},"author":{"name":"administrator","@id":"https:\/\/hajnoczy.com\/wp\/#\/schema\/person\/4344b3d03a831ddb709cb792e05b58f4"},"headline":"Hajn\u00f3czy \u00e9s Damjanich koll\u00e9gium \u00e1ltal szervezett III. Elmebajnoks\u00e1g vet\u00e9lked\u0151","datePublished":"2026-04-26T11:59:16+00:00","dateModified":"2026-04-26T11:59:16+00:00","mainEntityOfPage":{"@id":"https:\/\/hajnoczy.com\/wp\/2026\/04\/26\/hajnoczy-es-damjanich-kollegium-altal-szervezett-iii-elmebajnoksag-vetelkedo\/"},"wordCount":229,"commentCount":0,"publisher":{"@id":"https:\/\/hajnoczy.com\/wp\/#organization"},"image":{"@id":"https:\/\/hajnoczy.com\/wp\/2026\/04\/26\/hajnoczy-es-damjanich-kollegium-altal-szervezett-iii-elmebajnoksag-vetelkedo\/#primaryimage"},"thumbnailUrl":"http:\/\/hajnoczy.com\/wp\/wp-content\/uploads\/2026\/04\/elmebajnoksag.jpg","articleSection":["H\u00edrek, aktualit\u00e1sok"],"inLanguage":"hu","potentialAction":[{"@type":"CommentAction","name":"Comment","target":["https:\/\/hajnoczy.com\/wp\/2026\/04\/26\/hajnoczy-es-damjanich-kollegium-altal-szervezett-iii-elmebajnoksag-vetelkedo\/#respond"]}]},{"@type":"WebPage","@id":"https:\/\/hajnoczy.com\/wp\/2026\/04\/26\/hajnoczy-es-damjanich-kollegium-altal-szervezett-iii-elmebajnoksag-vetelkedo\/","url":"https:\/\/hajnoczy.com\/wp\/2026\/04\/26\/hajnoczy-es-damjanich-kollegium-altal-szervezett-iii-elmebajnoksag-vetelkedo\/","name":"Hajn\u00f3czy \u00e9s Damjanich koll\u00e9gium \u00e1ltal szervezett III. Elmebajnoks\u00e1g vet\u00e9lked\u0151 - HJG","isPartOf":{"@id":"https:\/\/hajnoczy.com\/wp\/#website"},"primaryImageOfPage":{"@id":"https:\/\/hajnoczy.com\/wp\/2026\/04\/26\/hajnoczy-es-damjanich-kollegium-altal-szervezett-iii-elmebajnoksag-vetelkedo\/#primaryimage"},"image":{"@id":"https:\/\/hajnoczy.com\/wp\/2026\/04\/26\/hajnoczy-es-damjanich-kollegium-altal-szervezett-iii-elmebajnoksag-vetelkedo\/#primaryimage"},"thumbnailUrl":"http:\/\/hajnoczy.com\/wp\/wp-content\/uploads\/2026\/04\/elmebajnoksag.jpg","datePublished":"2026-04-26T11:59:16+00:00","dateModified":"2026-04-26T11:59:16+00:00","breadcrumb":{"@id":"https:\/\/hajnoczy.com\/wp\/2026\/04\/26\/hajnoczy-es-damjanich-kollegium-altal-szervezett-iii-elmebajnoksag-vetelkedo\/#breadcrumb"},"inLanguage":"hu","potentialAction":[{"@type":"ReadAction","target":["https:\/\/hajnoczy.com\/wp\/2026\/04\/26\/hajnoczy-es-damjanich-kollegium-altal-szervezett-iii-elmebajnoksag-vetelkedo\/"]}]},{"@type":"ImageObject","inLanguage":"hu","@id":"https:\/\/hajnoczy.com\/wp\/2026\/04\/26\/hajnoczy-es-damjanich-kollegium-altal-szervezett-iii-elmebajnoksag-vetelkedo\/#primaryimage","url":"http:\/\/hajnoczy.com\/wp\/wp-content\/uploads\/2026\/04\/elmebajnoksag.jpg","contentUrl":"http:\/\/hajnoczy.com\/wp\/wp-content\/uploads\/2026\/04\/elmebajnoksag.jpg","width":1777,"height":1171},{"@type":"BreadcrumbList","@id":"https:\/\/hajnoczy.com\/wp\/2026\/04\/26\/hajnoczy-es-damjanich-kollegium-altal-szervezett-iii-elmebajnoksag-vetelkedo\/#breadcrumb","itemListElement":[{"@type":"ListItem","position":1,"name":"Kezd\u0151lap","item":"https:\/\/hajnoczy.com\/wp\/"},{"@type":"ListItem","position":2,"name":"Hajn\u00f3czy \u00e9s Damjanich koll\u00e9gium \u00e1ltal szervezett III. Elmebajnoks\u00e1g vet\u00e9lked\u0151"}]},{"@type":"WebSite","@id":"https:\/\/hajnoczy.com\/wp\/#website","url":"https:\/\/hajnoczy.com\/wp\/","name":"HJG","description":"Hajn\u00f3czy J\u00f3zsef Gimn\u00e1zium, Hum\u00e1n Szakgimn\u00e1zium \u00e9s Koll\u00e9gium","publisher":{"@id":"https:\/\/hajnoczy.com\/wp\/#organization"},"potentialAction":[{"@type":"SearchAction","target":{"@type":"EntryPoint","urlTemplate":"https:\/\/hajnoczy.com\/wp\/?s={search_term_string}"},"query-input":"required name=search_term_string"}],"inLanguage":"hu"},{"@type":"Organization","@id":"https:\/\/hajnoczy.com\/wp\/#organization","name":"HJG","url":"https:\/\/hajnoczy.com\/wp\/","logo":{"@type":"ImageObject","inLanguage":"hu","@id":"https:\/\/hajnoczy.com\/wp\/#\/schema\/logo\/image\/","url":"http:\/\/hajnoczy.com\/wp\/wp-content\/uploads\/2020\/10\/cropped-hjg_logo_small.png","contentUrl":"http:\/\/hajnoczy.com\/wp\/wp-content\/uploads\/2020\/10\/cropped-hjg_logo_small.png","width":75,"height":75,"caption":"HJG"},"image":{"@id":"https:\/\/hajnoczy.com\/wp\/#\/schema\/logo\/image\/"}},{"@type":"Person","@id":"https:\/\/hajnoczy.com\/wp\/#\/schema\/person\/4344b3d03a831ddb709cb792e05b58f4","name":"administrator","image":{"@type":"ImageObject","inLanguage":"hu","@id":"https:\/\/hajnoczy.com\/wp\/#\/schema\/person\/image\/","url":"http:\/\/0.gravatar.com\/avatar\/ff06296ecb6c99dcafbc8bf1354fe5fb?s=96&d=mm&r=g","contentUrl":"http:\/\/0.gravatar.com\/avatar\/ff06296ecb6c99dcafbc8bf1354fe5fb?s=96&d=mm&r=g","caption":"administrator"},"sameAs":["http:\/\/hajnoczy.com\/wp"],"url":"http:\/\/hajnoczy.com\/wp\/author\/administrator\/"}]}},"_links":{"self":[{"href":"http:\/\/hajnoczy.com\/wp\/wp-json\/wp\/v2\/posts\/2988"}],"collection":[{"href":"http:\/\/hajnoczy.com\/wp\/wp-json\/wp\/v2\/posts"}],"about":[{"href":"http:\/\/hajnoczy.com\/wp\/wp-json\/wp\/v2\/types\/post"}],"author":[{"embeddable":true,"href":"http:\/\/hajnoczy.com\/wp\/wp-json\/wp\/v2\/users\/1"}],"replies":[{"embeddable":true,"href":"http:\/\/hajnoczy.com\/wp\/wp-json\/wp\/v2\/comments?post=2988"}],"version-history":[{"count":1,"href":"http:\/\/hajnoczy.com\/wp\/wp-json\/wp\/v2\/posts\/2988\/revisions"}],"predecessor-version":[{"id":2990,"href":"http:\/\/hajnoczy.com\/wp\/wp-json\/wp\/v2\/posts\/2988\/revisions\/2990"}],"wp:featuredmedia":[{"embeddable":true,"href":"http:\/\/hajnoczy.com\/wp\/wp-json\/wp\/v2\/media\/2989"}],"wp:attachment":[{"href":"http:\/\/hajnoczy.com\/wp\/wp-json\/wp\/v2\/media?parent=2988"}],"wp:term":[{"taxonomy":"category","embeddable":true,"href":"http:\/\/hajnoczy.com\/wp\/wp-json\/wp\/v2\/categories?post=2988"},{"taxonomy":"post_tag","embeddable":true,"href":"http:\/\/hajnoczy.com\/wp\/wp-json\/wp\/v2\/tags?post=2988"}],"curies":[{"name":"wp","href":"https:\/\/api.w.org\/{rel}","templated":true}]}}