{"id":774,"date":"2022-12-10T07:58:23","date_gmt":"2022-12-10T07:58:23","guid":{"rendered":"http:\/\/hajnoczy.com\/wp\/?p=774"},"modified":"2023-01-11T07:59:35","modified_gmt":"2023-01-11T07:59:35","slug":"miniszteri-elismero-oklevel-a-75-eves-hajnoczynak","status":"publish","type":"post","link":"http:\/\/hajnoczy.com\/wp\/2022\/12\/10\/miniszteri-elismero-oklevel-a-75-eves-hajnoczynak\/","title":{"rendered":"Miniszteri elismer\u0151 oklev\u00e9l a 75 \u00e9ves Hajn\u00f3czynak"},"content":{"rendered":"\n<p>Az id\u00e9n 75 \u00e9ves \u00e9vfordul\u00f3j\u00e1t \u00fcnnepl\u0151 Hajn\u00f3czy J\u00f3zsef Gimn\u00e1zium r\u00e9sz\u00e9re az int\u00e9zm\u00e9nyben foly\u00f3 kimagasl\u00f3 oktat\u00f3-nevel\u0151 munka elismer\u00e9s\u00e9\u00fcl Miniszteri elismer\u0151 oklev\u00e9l kit\u00fcntet\u00e9st adom\u00e1nyozott Magyarorsz\u00e1g bel\u00fcgyminisztere, Dr. Pint\u00e9r S\u00e1ndor. A nemzeti \u00fcnnep\u00fcnk, okt\u00f3ber 23. alkalm\u00e1b\u00f3l kibocs\u00e1tott elismer\u00e9st december 6-\u00e1n, a Hajn\u00f3czyban megrendezett \u00fcnneps\u00e9gen a miniszter megb\u00edz\u00e1s\u00e1b\u00f3l Szutorisz-Sz\u00fcgyi Csongor, a Szolnoki Tanker\u00fcleti K\u00f6zpont igazgat\u00f3ja ny\u00fajtotta \u00e1t iskol\u00e1nknak, annak k\u00e9pviselet\u00e9ben a rendezv\u00e9nyt levezet\u0151 Vass Zolt\u00e1n int\u00e9zm\u00e9nyvezet\u0151nek.<\/p>\n\n\n\n<p>Az \u00fcnneps\u00e9gen gimn\u00e1ziumunk jelenlegi \u00e9s nyug\u00e1llom\u00e1ny\u00fa pedag\u00f3gusai, dolgoz\u00f3i, oszt\u00e1lyonk\u00e9nt deleg\u00e1lt tanul\u00f3i, a sz\u00fcl\u0151i v\u00e1lasztm\u00e1ny tagjai, a tiszaf\u00f6ldv\u00e1ri t\u00e1rs-, ill. partnerint\u00e9zm\u00e9nyeink \u2013 \u00f3vod\u00e1k, iskol\u00e1k, k\u00f6zm\u0171vel\u0151d\u00e9si, eg\u00e9szs\u00e9g\u00fcgyi \u00e9s szoci\u00e1lis int\u00e9zm\u00e9nyek \u2013 vezet\u0151i, k\u00e9pvisel\u0151i vettek r\u00e9szt. Rendezv\u00e9ny\u00fcnket megtisztelte jelenl\u00e9t\u00e9vel Herczeg Zsolt, t\u00e9rs\u00e9g\u00fcnk orsz\u00e1ggy\u0171l\u00e9si k\u00e9pvisel\u0151je, Szab\u00f3 Ferenc, a J\u00e1sz-Nagykun-Szolnok Megyei K\u00f6zgy\u0171l\u00e9s tagja, Dr. Bodor Brigitta T\u00edmea, a J\u00e1sz-Nagykun-Szolnok Megyei Korm\u00e1nyhivatal Kunszentm\u00e1rtoni J\u00e1r\u00e1si Hivatala hivatalvezet\u0151je, Heged\u0171s Istv\u00e1n, Tiszaf\u00f6ldv\u00e1r v\u00e1ros polg\u00e1rmestere, So\u00f3s Antaln\u00e9 Moln\u00e1r Erzs\u00e9bet, Burj\u00e1n Zolt\u00e1n, Cseuz Zsolt, Muzsai J\u00e1nos, Tiszaf\u00f6ldv\u00e1r V\u00e1ros \u00d6nkorm\u00e1nyzata K\u00e9pvisel\u0151-test\u00fclet\u00e9nek tagja s a Magyar Honv\u00e9ds\u00e9g 86. Szolnok Helikopter B\u00e1zis, dr. Bali Tam\u00e1s ezredes b\u00e1zisparancsnok k\u00e9pviselet\u00e9ben Hirtn\u00e9 Ivanics Marianna z\u00e1szl\u00f3s, honv\u00e9delmi nevel\u0151 referens. \u00d6r\u00f6m\u00fcnkre vel\u00fcnk \u00fcnnepelt Ferenczi Gy\u00f6rgy c\u00edmzetes k\u00f6z\u00e9piskolai igazgat\u00f3, Tiszaf\u00f6ldv\u00e1r v\u00e1ros d\u00edszpolg\u00e1ra, aki 20 \u00e9vig \u00e1llt az int\u00e9zm\u00e9ny \u00e9l\u00e9n \u00e9s az ugyancsak volt iskolaigazgat\u00f3, Nagy \u00c1ronn\u00e9 Szlama \u00c9va is. K\u00fcl\u00f6n k\u00f6sz\u00f6nt\u00f6tt\u00fck a ma is akt\u00edvan pedag\u00f3gusi hivat\u00e1s\u00e1t teljes\u00edt\u0151 volt int\u00e9zm\u00e9nyvezet\u0151ket: K\u00fcrt\u00f6s Zsuzsann\u00e1t \u00e9s Bacz\u00far Istv\u00e1nt, csak\u00fagy mint a Hajn\u00f3czy\u00e9rt \u00e1ldozatosan tev\u00e9kenyked\u0151 \u00f6regdi\u00e1kokat: Magyar Zolt\u00e1nt, a Magyar Orsz\u00e1ggy\u0171l\u00e9s Labdar\u00fag\u00f3 V\u00e1logatottj\u00e1nak sz\u00f6vets\u00e9gi kapit\u00e1ny\u00e1t, a TISE tiszteletbeli eln\u00f6k\u00e9t, &#8222;Az \u00e9v sportol\u00f3ja a Hajn\u00f3czy J\u00f3zsef Gimn\u00e1ziumban&#8221; kit\u00fcntet\u0151 d\u00edj 33 \u00e9vvel ezel\u0151tt alap\u00edt\u00f3j\u00e1t \u00e9s az\u00f3ta \u00e9vente adom\u00e1nyoz\u00f3j\u00e1t s Hellebrand Henriett fest\u0151m\u0171v\u00e9sz, keramikus, k\u00f6lt\u0151n\u0151t, aki a 75. tan\u00e9vnyit\u00f3nkra meg\u00e1lmodta \u00e9s megalkotta n\u00e9vad\u00f3nk, Hajn\u00f3czy J\u00f3zsef portr\u00e9j\u00e1t, mely alkot\u00f3j\u00e1nak m\u0171v\u00e9szi hite \u00e9s sz\u00e1nd\u00e9ka szerint itt kelt \u00f6n\u00e1ll\u00f3 \u00e9letre, s l\u00e9t\u00e9vel pozit\u00edv befoly\u00e1st gyakorol k\u00f6rnyezet\u00fcnkre. Megtiszteltek benn\u00fcnket a Tiszaf\u00f6ldv\u00e1ri Di\u00e1kok Bar\u00e1ti K\u00f6re volt vezet\u0151i, Nagyn\u00e9 B\u00e1csmegi Jusztina \u00e9s Borza Attila volt polg\u00e1rmester \u00far, valamint Er\u0151s Ferencn\u00e9 Ir\u00e9nke, az iskolai Sz\u00fcl\u0151i V\u00e1lasztm\u00e1ny volt eln\u00f6ke is.<\/p>\n\n\n\n<p>A Hajn\u00f3czy els\u0151 oszt\u00e1lya 75 \u00e9vvel ezel\u0151tt, 1947-ben kezdte meg tanulm\u00e1nyait, s a Br\u00e9da Ign\u00e1c \u00e9s dr. Varga Lajos oszt\u00e1lyf\u0151n\u00f6ks\u00e9ge alatt m\u0171k\u00f6d\u00f6tt oszt\u00e1ly 1951-ben 13 f\u0151vel v\u00e9gzett, \u00e9retts\u00e9gizett. Nagy tisztess\u00e9g volt sz\u00e1munkra, hogy ezen a 75. \u00e9vfordul\u00f3n, ennek az els\u0151 oszt\u00e1lynak egy tagj\u00e1t, Dr. Magyar Zolt\u00e1nn\u00e9 Szini Katalint (Magyar Zolt\u00e1n \u00e9desanyj\u00e1t) jelenl\u00e9v\u0151k\u00e9nt k\u00f6sz\u00f6nthett\u00fck. Hagyom\u00e1ny, hogy a k\u00f6zalkalmazotti jogviszony jubileumi alkalmaib\u00f3l tisztelettel gratul\u00e1lunk koll\u00e9g\u00e1inknak. Az \u00e9vsz\u00e1mok dikt\u00e1lta aprop\u00f3n ez\u00fattal ezt e jeles rendezv\u00e9nyen is megtehett\u00fck: j\u00f3 eg\u00e9szs\u00e9get \u00e9s tov\u00e1bbi j\u00f3 munk\u00e1t k\u00edv\u00e1ntunk 30 \u00e9ves k\u00f6zalkalmazotti jogviszonya alkalm\u00e1b\u00f3l Szlank\u00f3 Tiborn\u00e9 Vikt\u00f3ria tan\u00e1rn\u0151nek.<\/p>\n\n\n\n<p>Az \u00fcnnepi m\u0171sor els\u0151 fel\u00e9ben a Hajn\u00f3czy szellemis\u00e9g\u00e9t m\u00e9lt\u00f3n fejezte ki gy\u00f6ny\u00f6r\u0171 pr\u00f3zamond\u00e1s\u00e1val Dud\u00e1s R\u00e9ka 12.d (hum\u00e1n tagozat), zongoraj\u00e1t\u00e9k\u00e1val Oravecz Zsombor 11.a (emelt idegen nyelvi) \u00e9s szavalat\u00e1val T\u00f3bi\u00e1s Petra 10.a (emelt idegen nyelvi) oszt\u00e1lyos tanul\u00f3nk.<\/p>\n\n\n\n<p>Szutorisz-Sz\u00fcgyi Csongor tanker\u00fcleti igazgat\u00f3 \u00far \u00fcnnepi besz\u00e9d\u00e9ben hangs\u00falyozta, hogy a Hajn\u00f3czy J\u00f3zsef Gimn\u00e1zium h\u00e9t \u00e9s f\u00e9l \u00e9vtizede m\u00e1ig, \u00edgy napjainkban is fontos k\u00fcldet\u00e9st teljes\u00edt t\u00e9rs\u00e9g\u00fcnkben. A k\u00f6z\u00e9piskol\u00e1ban foly\u00f3 sz\u00ednvonalas oktat\u00f3-nevel\u0151 munka \u00e9rt\u00e9kteremt\u00e9se m\u00e9lt\u00e1n v\u00edvta ki az orsz\u00e1gos, \u00e1llami elismer\u00e9st, melyet a tanker\u00fcleti igazgat\u00f3 \u00f6r\u00f6mmel ny\u00fajtott \u00e1t az int\u00e9zm\u00e9nynek. A miniszt\u00e9riumba megk\u00fcld\u00f6tt felterjeszt\u00e9sben foglalt m\u00e9ltat\u00e1st Szamosfalvi Fl\u00f3ra 11.d (hum\u00e1n tagozat) oszt\u00e1lyos di\u00e1kunk, a Kazinczy Sz\u00e9p magyar besz\u00e9d verseny el\u0151z\u0151 tan\u00e9vi megyei els\u0151 helyezettj\u00e9nek kifejez\u0151 ismertet\u00e9s\u00e9ben hallgathatta meg az \u00fcnnepl\u0151 k\u00f6z\u00f6ss\u00e9g.<\/p>\n\n\n\n<p>A rendezv\u00e9ny f\u00e9ny\u00e9t Venczeln\u00e9 Polg\u00e1r Anna 1967-ben, a IV. A-ban v\u00e9gzett di\u00e1k, gy\u00f3gypedag\u00f3gus, logop\u00e9dus, besz\u00e9dtan\u00e1r emelte tov\u00e1bb csod\u00e1latos szavalat\u00e1val, s a fin\u00e1l\u00e9 meghat\u00f3 dallamait Kissn\u00e9 Feh\u00e9r Edit tan\u00e1rn\u0151 karvezet\u00e9s\u00e9vel \u00e9s k\u00f6zrem\u0171k\u00f6d\u00e9s\u00e9vel a 11.a, 11.b \u00e9s 12.d oszt\u00e1lyos tanul\u00f3ink (Antal R\u00e9ka, Boross Katalin, Dud\u00e1s R\u00e9ka, Farkas Gr\u00e9ta, Nagy Bogl\u00e1rka, Tibori Di\u00e1na, Varga Kinga) Oravecz Zsombor zongorak\u00eds\u00e9ret\u00e9vel sz\u00f3laltatt\u00e1k meg, eml\u00e9kezve mindazokra a hajn\u00f3czysokra is, akik m\u00e1r nem lehetnek k\u00f6z\u00f6tt\u00fcnk.<\/p>\n\n\n\n<p>K\u00f6sz\u00f6nj\u00fck sz\u00e9pen mindenkinek, akik e felemel\u0151 \u00fcnneps\u00e9get l\u00e9trehozt\u00e1k, r\u00e9szesei voltak. H\u00e1la mindenkinek, akik \u00e9let\u00fckkel, tud\u00e1sukkal, k\u00e9pess\u00e9geikkel, hit\u00fckkel, szorgalmukkal, elsz\u00e1nts\u00e1gukkal, lelk\u00fckkel gazdag\u00edtott\u00e1k a Hajn\u00f3czy szellemi kincseit, n\u00f6velt\u00e9k k\u00f6z\u00f6ss\u00e9ge erej\u00e9t.<\/p>\n\n\n\n<p class=\"has-text-align-center\"><strong><em>Isten \u00e9ltessen, Hajn\u00f3czy!<\/em><\/strong><\/p>\n","protected":false},"excerpt":{"rendered":"<p>Az id\u00e9n 75 \u00e9ves \u00e9vfordul\u00f3j\u00e1t \u00fcnnepl\u0151 Hajn\u00f3czy J\u00f3zsef Gimn\u00e1zium r\u00e9sz\u00e9re az int\u00e9zm\u00e9nyben foly\u00f3 kimagasl\u00f3 oktat\u00f3-nevel\u0151 munka elismer\u00e9s\u00e9\u00fcl Miniszteri elismer\u0151 oklev\u00e9l kit\u00fcntet\u00e9st adom\u00e1nyozott Magyarorsz\u00e1g bel\u00fcgyminisztere, Dr. Pint\u00e9r S\u00e1ndor. A nemzeti \u00fcnnep\u00fcnk, okt\u00f3ber 23. alkalm\u00e1b\u00f3l kibocs\u00e1tott elismer\u00e9st december 6-\u00e1n, a Hajn\u00f3czyban megrendezett <a href=\"http:\/\/hajnoczy.com\/wp\/2022\/12\/10\/miniszteri-elismero-oklevel-a-75-eves-hajnoczynak\/\" class=\"read-more\">Olvasson tov\u00e1bb &#8230;<\/a><\/p>\n","protected":false},"author":1,"featured_media":775,"comment_status":"open","ping_status":"open","sticky":false,"template":"","format":"standard","meta":{"footnotes":""},"categories":[7],"tags":[],"yoast_head":"<!-- This site is optimized with the Yoast SEO plugin v22.6 - https:\/\/yoast.com\/wordpress\/plugins\/seo\/ -->\n<title>Miniszteri elismer\u0151 oklev\u00e9l a 75 \u00e9ves Hajn\u00f3czynak - HJG<\/title>\n<meta name=\"robots\" content=\"index, follow, max-snippet:-1, max-image-preview:large, max-video-preview:-1\" \/>\n<link rel=\"canonical\" href=\"http:\/\/hajnoczy.com\/wp\/2022\/12\/10\/miniszteri-elismero-oklevel-a-75-eves-hajnoczynak\/\" \/>\n<meta property=\"og:locale\" content=\"hu_HU\" \/>\n<meta property=\"og:type\" content=\"article\" \/>\n<meta property=\"og:title\" content=\"Miniszteri elismer\u0151 oklev\u00e9l a 75 \u00e9ves Hajn\u00f3czynak - HJG\" \/>\n<meta property=\"og:description\" content=\"Az id\u00e9n 75 \u00e9ves \u00e9vfordul\u00f3j\u00e1t \u00fcnnepl\u0151 Hajn\u00f3czy J\u00f3zsef Gimn\u00e1zium r\u00e9sz\u00e9re az int\u00e9zm\u00e9nyben foly\u00f3 kimagasl\u00f3 oktat\u00f3-nevel\u0151 munka elismer\u00e9s\u00e9\u00fcl Miniszteri elismer\u0151 oklev\u00e9l kit\u00fcntet\u00e9st adom\u00e1nyozott Magyarorsz\u00e1g bel\u00fcgyminisztere, Dr. Pint\u00e9r S\u00e1ndor. A nemzeti \u00fcnnep\u00fcnk, okt\u00f3ber 23. alkalm\u00e1b\u00f3l kibocs\u00e1tott elismer\u00e9st december 6-\u00e1n, a Hajn\u00f3czyban megrendezett Olvasson tov\u00e1bb ...\" \/>\n<meta property=\"og:url\" content=\"http:\/\/hajnoczy.com\/wp\/2022\/12\/10\/miniszteri-elismero-oklevel-a-75-eves-hajnoczynak\/\" \/>\n<meta property=\"og:site_name\" content=\"HJG\" \/>\n<meta property=\"article:published_time\" content=\"2022-12-10T07:58:23+00:00\" \/>\n<meta property=\"article:modified_time\" content=\"2023-01-11T07:59:35+00:00\" \/>\n<meta property=\"og:image\" content=\"http:\/\/hajnoczy.com\/wp\/wp-content\/uploads\/2023\/01\/miniszteri_oklevel.jpg\" \/>\n\t<meta property=\"og:image:width\" content=\"1148\" \/>\n\t<meta property=\"og:image:height\" content=\"765\" \/>\n\t<meta property=\"og:image:type\" content=\"image\/jpeg\" \/>\n<meta name=\"author\" content=\"administrator\" \/>\n<meta name=\"twitter:card\" content=\"summary_large_image\" \/>\n<meta name=\"twitter:label1\" content=\"Szerz\u0151:\" \/>\n\t<meta name=\"twitter:data1\" content=\"administrator\" \/>\n\t<meta name=\"twitter:label2\" content=\"Becs\u00fclt olvas\u00e1si id\u0151\" \/>\n\t<meta name=\"twitter:data2\" content=\"4 perc\" \/>\n<script type=\"application\/ld+json\" class=\"yoast-schema-graph\">{\"@context\":\"https:\/\/schema.org\",\"@graph\":[{\"@type\":\"Article\",\"@id\":\"http:\/\/hajnoczy.com\/wp\/2022\/12\/10\/miniszteri-elismero-oklevel-a-75-eves-hajnoczynak\/#article\",\"isPartOf\":{\"@id\":\"http:\/\/hajnoczy.com\/wp\/2022\/12\/10\/miniszteri-elismero-oklevel-a-75-eves-hajnoczynak\/\"},\"author\":{\"name\":\"administrator\",\"@id\":\"https:\/\/hajnoczy.com\/wp\/#\/schema\/person\/4344b3d03a831ddb709cb792e05b58f4\"},\"headline\":\"Miniszteri elismer\u0151 oklev\u00e9l a 75 \u00e9ves Hajn\u00f3czynak\",\"datePublished\":\"2022-12-10T07:58:23+00:00\",\"dateModified\":\"2023-01-11T07:59:35+00:00\",\"mainEntityOfPage\":{\"@id\":\"http:\/\/hajnoczy.com\/wp\/2022\/12\/10\/miniszteri-elismero-oklevel-a-75-eves-hajnoczynak\/\"},\"wordCount\":1052,\"commentCount\":0,\"publisher\":{\"@id\":\"https:\/\/hajnoczy.com\/wp\/#organization\"},\"image\":{\"@id\":\"http:\/\/hajnoczy.com\/wp\/2022\/12\/10\/miniszteri-elismero-oklevel-a-75-eves-hajnoczynak\/#primaryimage\"},\"thumbnailUrl\":\"http:\/\/hajnoczy.com\/wp\/wp-content\/uploads\/2023\/01\/miniszteri_oklevel.jpg\",\"articleSection\":[\"H\u00edrek, aktualit\u00e1sok\"],\"inLanguage\":\"hu\",\"potentialAction\":[{\"@type\":\"CommentAction\",\"name\":\"Comment\",\"target\":[\"http:\/\/hajnoczy.com\/wp\/2022\/12\/10\/miniszteri-elismero-oklevel-a-75-eves-hajnoczynak\/#respond\"]}]},{\"@type\":\"WebPage\",\"@id\":\"http:\/\/hajnoczy.com\/wp\/2022\/12\/10\/miniszteri-elismero-oklevel-a-75-eves-hajnoczynak\/\",\"url\":\"http:\/\/hajnoczy.com\/wp\/2022\/12\/10\/miniszteri-elismero-oklevel-a-75-eves-hajnoczynak\/\",\"name\":\"Miniszteri elismer\u0151 oklev\u00e9l a 75 \u00e9ves Hajn\u00f3czynak - HJG\",\"isPartOf\":{\"@id\":\"https:\/\/hajnoczy.com\/wp\/#website\"},\"primaryImageOfPage\":{\"@id\":\"http:\/\/hajnoczy.com\/wp\/2022\/12\/10\/miniszteri-elismero-oklevel-a-75-eves-hajnoczynak\/#primaryimage\"},\"image\":{\"@id\":\"http:\/\/hajnoczy.com\/wp\/2022\/12\/10\/miniszteri-elismero-oklevel-a-75-eves-hajnoczynak\/#primaryimage\"},\"thumbnailUrl\":\"http:\/\/hajnoczy.com\/wp\/wp-content\/uploads\/2023\/01\/miniszteri_oklevel.jpg\",\"datePublished\":\"2022-12-10T07:58:23+00:00\",\"dateModified\":\"2023-01-11T07:59:35+00:00\",\"breadcrumb\":{\"@id\":\"http:\/\/hajnoczy.com\/wp\/2022\/12\/10\/miniszteri-elismero-oklevel-a-75-eves-hajnoczynak\/#breadcrumb\"},\"inLanguage\":\"hu\",\"potentialAction\":[{\"@type\":\"ReadAction\",\"target\":[\"http:\/\/hajnoczy.com\/wp\/2022\/12\/10\/miniszteri-elismero-oklevel-a-75-eves-hajnoczynak\/\"]}]},{\"@type\":\"ImageObject\",\"inLanguage\":\"hu\",\"@id\":\"http:\/\/hajnoczy.com\/wp\/2022\/12\/10\/miniszteri-elismero-oklevel-a-75-eves-hajnoczynak\/#primaryimage\",\"url\":\"http:\/\/hajnoczy.com\/wp\/wp-content\/uploads\/2023\/01\/miniszteri_oklevel.jpg\",\"contentUrl\":\"http:\/\/hajnoczy.com\/wp\/wp-content\/uploads\/2023\/01\/miniszteri_oklevel.jpg\",\"width\":1148,\"height\":765,\"caption\":\"A miniszteri elismer\u0151 oklev\u00e9l \u00e1tad\u00e1sa\"},{\"@type\":\"BreadcrumbList\",\"@id\":\"http:\/\/hajnoczy.com\/wp\/2022\/12\/10\/miniszteri-elismero-oklevel-a-75-eves-hajnoczynak\/#breadcrumb\",\"itemListElement\":[{\"@type\":\"ListItem\",\"position\":1,\"name\":\"Kezd\u0151lap\",\"item\":\"https:\/\/hajnoczy.com\/wp\/\"},{\"@type\":\"ListItem\",\"position\":2,\"name\":\"Miniszteri elismer\u0151 oklev\u00e9l a 75 \u00e9ves Hajn\u00f3czynak\"}]},{\"@type\":\"WebSite\",\"@id\":\"https:\/\/hajnoczy.com\/wp\/#website\",\"url\":\"https:\/\/hajnoczy.com\/wp\/\",\"name\":\"HJG\",\"description\":\"Hajn\u00f3czy J\u00f3zsef Gimn\u00e1zium, Hum\u00e1n Szakgimn\u00e1zium \u00e9s Koll\u00e9gium\",\"publisher\":{\"@id\":\"https:\/\/hajnoczy.com\/wp\/#organization\"},\"potentialAction\":[{\"@type\":\"SearchAction\",\"target\":{\"@type\":\"EntryPoint\",\"urlTemplate\":\"https:\/\/hajnoczy.com\/wp\/?s={search_term_string}\"},\"query-input\":\"required name=search_term_string\"}],\"inLanguage\":\"hu\"},{\"@type\":\"Organization\",\"@id\":\"https:\/\/hajnoczy.com\/wp\/#organization\",\"name\":\"HJG\",\"url\":\"https:\/\/hajnoczy.com\/wp\/\",\"logo\":{\"@type\":\"ImageObject\",\"inLanguage\":\"hu\",\"@id\":\"https:\/\/hajnoczy.com\/wp\/#\/schema\/logo\/image\/\",\"url\":\"http:\/\/hajnoczy.com\/wp\/wp-content\/uploads\/2020\/10\/cropped-hjg_logo_small.png\",\"contentUrl\":\"http:\/\/hajnoczy.com\/wp\/wp-content\/uploads\/2020\/10\/cropped-hjg_logo_small.png\",\"width\":75,\"height\":75,\"caption\":\"HJG\"},\"image\":{\"@id\":\"https:\/\/hajnoczy.com\/wp\/#\/schema\/logo\/image\/\"}},{\"@type\":\"Person\",\"@id\":\"https:\/\/hajnoczy.com\/wp\/#\/schema\/person\/4344b3d03a831ddb709cb792e05b58f4\",\"name\":\"administrator\",\"image\":{\"@type\":\"ImageObject\",\"inLanguage\":\"hu\",\"@id\":\"https:\/\/hajnoczy.com\/wp\/#\/schema\/person\/image\/\",\"url\":\"http:\/\/0.gravatar.com\/avatar\/ff06296ecb6c99dcafbc8bf1354fe5fb?s=96&d=mm&r=g\",\"contentUrl\":\"http:\/\/0.gravatar.com\/avatar\/ff06296ecb6c99dcafbc8bf1354fe5fb?s=96&d=mm&r=g\",\"caption\":\"administrator\"},\"sameAs\":[\"http:\/\/hajnoczy.com\/wp\"],\"url\":\"http:\/\/hajnoczy.com\/wp\/author\/administrator\/\"}]}<\/script>\n<!-- \/ Yoast SEO plugin. -->","yoast_head_json":{"title":"Miniszteri elismer\u0151 oklev\u00e9l a 75 \u00e9ves Hajn\u00f3czynak - HJG","robots":{"index":"index","follow":"follow","max-snippet":"max-snippet:-1","max-image-preview":"max-image-preview:large","max-video-preview":"max-video-preview:-1"},"canonical":"http:\/\/hajnoczy.com\/wp\/2022\/12\/10\/miniszteri-elismero-oklevel-a-75-eves-hajnoczynak\/","og_locale":"hu_HU","og_type":"article","og_title":"Miniszteri elismer\u0151 oklev\u00e9l a 75 \u00e9ves Hajn\u00f3czynak - HJG","og_description":"Az id\u00e9n 75 \u00e9ves \u00e9vfordul\u00f3j\u00e1t \u00fcnnepl\u0151 Hajn\u00f3czy J\u00f3zsef Gimn\u00e1zium r\u00e9sz\u00e9re az int\u00e9zm\u00e9nyben foly\u00f3 kimagasl\u00f3 oktat\u00f3-nevel\u0151 munka elismer\u00e9s\u00e9\u00fcl Miniszteri elismer\u0151 oklev\u00e9l kit\u00fcntet\u00e9st adom\u00e1nyozott Magyarorsz\u00e1g bel\u00fcgyminisztere, Dr. Pint\u00e9r S\u00e1ndor. A nemzeti \u00fcnnep\u00fcnk, okt\u00f3ber 23. alkalm\u00e1b\u00f3l kibocs\u00e1tott elismer\u00e9st december 6-\u00e1n, a Hajn\u00f3czyban megrendezett Olvasson tov\u00e1bb ...","og_url":"http:\/\/hajnoczy.com\/wp\/2022\/12\/10\/miniszteri-elismero-oklevel-a-75-eves-hajnoczynak\/","og_site_name":"HJG","article_published_time":"2022-12-10T07:58:23+00:00","article_modified_time":"2023-01-11T07:59:35+00:00","og_image":[{"width":1148,"height":765,"url":"http:\/\/hajnoczy.com\/wp\/wp-content\/uploads\/2023\/01\/miniszteri_oklevel.jpg","type":"image\/jpeg"}],"author":"administrator","twitter_card":"summary_large_image","twitter_misc":{"Szerz\u0151:":"administrator","Becs\u00fclt olvas\u00e1si id\u0151":"4 perc"},"schema":{"@context":"https:\/\/schema.org","@graph":[{"@type":"Article","@id":"http:\/\/hajnoczy.com\/wp\/2022\/12\/10\/miniszteri-elismero-oklevel-a-75-eves-hajnoczynak\/#article","isPartOf":{"@id":"http:\/\/hajnoczy.com\/wp\/2022\/12\/10\/miniszteri-elismero-oklevel-a-75-eves-hajnoczynak\/"},"author":{"name":"administrator","@id":"https:\/\/hajnoczy.com\/wp\/#\/schema\/person\/4344b3d03a831ddb709cb792e05b58f4"},"headline":"Miniszteri elismer\u0151 oklev\u00e9l a 75 \u00e9ves Hajn\u00f3czynak","datePublished":"2022-12-10T07:58:23+00:00","dateModified":"2023-01-11T07:59:35+00:00","mainEntityOfPage":{"@id":"http:\/\/hajnoczy.com\/wp\/2022\/12\/10\/miniszteri-elismero-oklevel-a-75-eves-hajnoczynak\/"},"wordCount":1052,"commentCount":0,"publisher":{"@id":"https:\/\/hajnoczy.com\/wp\/#organization"},"image":{"@id":"http:\/\/hajnoczy.com\/wp\/2022\/12\/10\/miniszteri-elismero-oklevel-a-75-eves-hajnoczynak\/#primaryimage"},"thumbnailUrl":"http:\/\/hajnoczy.com\/wp\/wp-content\/uploads\/2023\/01\/miniszteri_oklevel.jpg","articleSection":["H\u00edrek, aktualit\u00e1sok"],"inLanguage":"hu","potentialAction":[{"@type":"CommentAction","name":"Comment","target":["http:\/\/hajnoczy.com\/wp\/2022\/12\/10\/miniszteri-elismero-oklevel-a-75-eves-hajnoczynak\/#respond"]}]},{"@type":"WebPage","@id":"http:\/\/hajnoczy.com\/wp\/2022\/12\/10\/miniszteri-elismero-oklevel-a-75-eves-hajnoczynak\/","url":"http:\/\/hajnoczy.com\/wp\/2022\/12\/10\/miniszteri-elismero-oklevel-a-75-eves-hajnoczynak\/","name":"Miniszteri elismer\u0151 oklev\u00e9l a 75 \u00e9ves Hajn\u00f3czynak - HJG","isPartOf":{"@id":"https:\/\/hajnoczy.com\/wp\/#website"},"primaryImageOfPage":{"@id":"http:\/\/hajnoczy.com\/wp\/2022\/12\/10\/miniszteri-elismero-oklevel-a-75-eves-hajnoczynak\/#primaryimage"},"image":{"@id":"http:\/\/hajnoczy.com\/wp\/2022\/12\/10\/miniszteri-elismero-oklevel-a-75-eves-hajnoczynak\/#primaryimage"},"thumbnailUrl":"http:\/\/hajnoczy.com\/wp\/wp-content\/uploads\/2023\/01\/miniszteri_oklevel.jpg","datePublished":"2022-12-10T07:58:23+00:00","dateModified":"2023-01-11T07:59:35+00:00","breadcrumb":{"@id":"http:\/\/hajnoczy.com\/wp\/2022\/12\/10\/miniszteri-elismero-oklevel-a-75-eves-hajnoczynak\/#breadcrumb"},"inLanguage":"hu","potentialAction":[{"@type":"ReadAction","target":["http:\/\/hajnoczy.com\/wp\/2022\/12\/10\/miniszteri-elismero-oklevel-a-75-eves-hajnoczynak\/"]}]},{"@type":"ImageObject","inLanguage":"hu","@id":"http:\/\/hajnoczy.com\/wp\/2022\/12\/10\/miniszteri-elismero-oklevel-a-75-eves-hajnoczynak\/#primaryimage","url":"http:\/\/hajnoczy.com\/wp\/wp-content\/uploads\/2023\/01\/miniszteri_oklevel.jpg","contentUrl":"http:\/\/hajnoczy.com\/wp\/wp-content\/uploads\/2023\/01\/miniszteri_oklevel.jpg","width":1148,"height":765,"caption":"A miniszteri elismer\u0151 oklev\u00e9l \u00e1tad\u00e1sa"},{"@type":"BreadcrumbList","@id":"http:\/\/hajnoczy.com\/wp\/2022\/12\/10\/miniszteri-elismero-oklevel-a-75-eves-hajnoczynak\/#breadcrumb","itemListElement":[{"@type":"ListItem","position":1,"name":"Kezd\u0151lap","item":"https:\/\/hajnoczy.com\/wp\/"},{"@type":"ListItem","position":2,"name":"Miniszteri elismer\u0151 oklev\u00e9l a 75 \u00e9ves Hajn\u00f3czynak"}]},{"@type":"WebSite","@id":"https:\/\/hajnoczy.com\/wp\/#website","url":"https:\/\/hajnoczy.com\/wp\/","name":"HJG","description":"Hajn\u00f3czy J\u00f3zsef Gimn\u00e1zium, Hum\u00e1n Szakgimn\u00e1zium \u00e9s Koll\u00e9gium","publisher":{"@id":"https:\/\/hajnoczy.com\/wp\/#organization"},"potentialAction":[{"@type":"SearchAction","target":{"@type":"EntryPoint","urlTemplate":"https:\/\/hajnoczy.com\/wp\/?s={search_term_string}"},"query-input":"required name=search_term_string"}],"inLanguage":"hu"},{"@type":"Organization","@id":"https:\/\/hajnoczy.com\/wp\/#organization","name":"HJG","url":"https:\/\/hajnoczy.com\/wp\/","logo":{"@type":"ImageObject","inLanguage":"hu","@id":"https:\/\/hajnoczy.com\/wp\/#\/schema\/logo\/image\/","url":"http:\/\/hajnoczy.com\/wp\/wp-content\/uploads\/2020\/10\/cropped-hjg_logo_small.png","contentUrl":"http:\/\/hajnoczy.com\/wp\/wp-content\/uploads\/2020\/10\/cropped-hjg_logo_small.png","width":75,"height":75,"caption":"HJG"},"image":{"@id":"https:\/\/hajnoczy.com\/wp\/#\/schema\/logo\/image\/"}},{"@type":"Person","@id":"https:\/\/hajnoczy.com\/wp\/#\/schema\/person\/4344b3d03a831ddb709cb792e05b58f4","name":"administrator","image":{"@type":"ImageObject","inLanguage":"hu","@id":"https:\/\/hajnoczy.com\/wp\/#\/schema\/person\/image\/","url":"http:\/\/0.gravatar.com\/avatar\/ff06296ecb6c99dcafbc8bf1354fe5fb?s=96&d=mm&r=g","contentUrl":"http:\/\/0.gravatar.com\/avatar\/ff06296ecb6c99dcafbc8bf1354fe5fb?s=96&d=mm&r=g","caption":"administrator"},"sameAs":["http:\/\/hajnoczy.com\/wp"],"url":"http:\/\/hajnoczy.com\/wp\/author\/administrator\/"}]}},"_links":{"self":[{"href":"http:\/\/hajnoczy.com\/wp\/wp-json\/wp\/v2\/posts\/774"}],"collection":[{"href":"http:\/\/hajnoczy.com\/wp\/wp-json\/wp\/v2\/posts"}],"about":[{"href":"http:\/\/hajnoczy.com\/wp\/wp-json\/wp\/v2\/types\/post"}],"author":[{"embeddable":true,"href":"http:\/\/hajnoczy.com\/wp\/wp-json\/wp\/v2\/users\/1"}],"replies":[{"embeddable":true,"href":"http:\/\/hajnoczy.com\/wp\/wp-json\/wp\/v2\/comments?post=774"}],"version-history":[{"count":1,"href":"http:\/\/hajnoczy.com\/wp\/wp-json\/wp\/v2\/posts\/774\/revisions"}],"predecessor-version":[{"id":776,"href":"http:\/\/hajnoczy.com\/wp\/wp-json\/wp\/v2\/posts\/774\/revisions\/776"}],"wp:featuredmedia":[{"embeddable":true,"href":"http:\/\/hajnoczy.com\/wp\/wp-json\/wp\/v2\/media\/775"}],"wp:attachment":[{"href":"http:\/\/hajnoczy.com\/wp\/wp-json\/wp\/v2\/media?parent=774"}],"wp:term":[{"taxonomy":"category","embeddable":true,"href":"http:\/\/hajnoczy.com\/wp\/wp-json\/wp\/v2\/categories?post=774"},{"taxonomy":"post_tag","embeddable":true,"href":"http:\/\/hajnoczy.com\/wp\/wp-json\/wp\/v2\/tags?post=774"}],"curies":[{"name":"wp","href":"https:\/\/api.w.org\/{rel}","templated":true}]}}