{"id":1566,"date":"2024-01-31T06:07:10","date_gmt":"2024-01-31T06:07:10","guid":{"rendered":"https:\/\/hajnoczy.com\/wp\/?p=1566"},"modified":"2024-01-31T07:04:03","modified_gmt":"2024-01-31T07:04:03","slug":"hajnoczysok-a-nemzeti-szinhazban","status":"publish","type":"post","link":"https:\/\/hajnoczy.com\/wp\/2024\/01\/31\/hajnoczysok-a-nemzeti-szinhazban\/","title":{"rendered":"Hajn\u00f3czysok a Nemzeti Sz\u00ednh\u00e1zban"},"content":{"rendered":"\n<p>Janu\u00e1r 26-\u00e1n az \u201e\u00c1d\u00e1mok \u00e9s \u00c9v\u00e1k \u00fcnnepe\u201d fell\u00e9p\u0151i, k\u00f6zt\u00fck iskol\u00e1nkb\u00f3l Bacz\u00far Lilla, Laczk\u00f3 Enik\u0151, T\u00f3bi\u00e1s Petra, Beleznay N\u00f3ra, Schmidt Hajnalka, Sinka M\u00e1t\u00e9 a Szigligeti Sz\u00ednh\u00e1zban ny\u00fajtott kiv\u00e1l\u00f3 szerepl\u00e9s\u00fck\u00e9rt Szolnok Megyei Jog\u00fa V\u00e1ros \u00d6nkorm\u00e1nyzata j\u00f3volt\u00e1b\u00f3l jutalomkir\u00e1ndul\u00e1son vehettek r\u00e9szt: Budapesten, a Nemzeti Sz\u00ednh\u00e1zban a B\u00e1nk b\u00e1n c\u00edm\u0171 el\u0151ad\u00e1st n\u00e9zhett\u00e9k meg k\u00eds\u00e9r\u0151ikkel, a sz\u00ednj\u00e1tsz\u00f3 csoport tan\u00e1r\u00e1val, Sz\u00e9les Tam\u00e1ssal \u00e9s a hajn\u00f3czys produkci\u00f3t seg\u00edt\u0151 Markovics-F\u0151cz\u00e9n Rit\u00e1val.<\/p>\n\n\n\n<p>A k\u00e9pek az iskola facebook oldal\u00e1n megtal\u00e1lhat\u00f3k: <a href=\"https:\/\/www.facebook.com\/hajnoczyg\">https:\/\/www.facebook.com\/hajnoczyg<\/a> <\/p>\n","protected":false},"excerpt":{"rendered":"<p>Janu\u00e1r 26-\u00e1n az \u201e\u00c1d\u00e1mok \u00e9s \u00c9v\u00e1k \u00fcnnepe\u201d fell\u00e9p\u0151i, k\u00f6zt\u00fck iskol\u00e1nkb\u00f3l Bacz\u00far Lilla, Laczk\u00f3 Enik\u0151, T\u00f3bi\u00e1s Petra, Beleznay N\u00f3ra, Schmidt Hajnalka, Sinka M\u00e1t\u00e9 a Szigligeti Sz\u00ednh\u00e1zban ny\u00fajtott kiv\u00e1l\u00f3 szerepl\u00e9s\u00fck\u00e9rt Szolnok Megyei Jog\u00fa V\u00e1ros \u00d6nkorm\u00e1nyzata j\u00f3volt\u00e1b\u00f3l jutalomkir\u00e1ndul\u00e1son vehettek r\u00e9szt: Budapesten, a Nemzeti <a href=\"https:\/\/hajnoczy.com\/wp\/2024\/01\/31\/hajnoczysok-a-nemzeti-szinhazban\/\" class=\"read-more\">Olvasson tov\u00e1bb &#8230;<\/a><\/p>\n","protected":false},"author":1,"featured_media":1567,"comment_status":"open","ping_status":"open","sticky":false,"template":"","format":"standard","meta":{"footnotes":""},"categories":[7],"tags":[],"yoast_head":"<!-- This site is optimized with the Yoast SEO plugin v22.6 - https:\/\/yoast.com\/wordpress\/plugins\/seo\/ -->\n<title>Hajn\u00f3czysok a Nemzeti Sz\u00ednh\u00e1zban - HJG<\/title>\n<meta name=\"robots\" content=\"index, follow, max-snippet:-1, max-image-preview:large, max-video-preview:-1\" \/>\n<link rel=\"canonical\" href=\"https:\/\/hajnoczy.com\/wp\/2024\/01\/31\/hajnoczysok-a-nemzeti-szinhazban\/\" \/>\n<meta property=\"og:locale\" content=\"hu_HU\" \/>\n<meta property=\"og:type\" content=\"article\" \/>\n<meta property=\"og:title\" content=\"Hajn\u00f3czysok a Nemzeti Sz\u00ednh\u00e1zban - HJG\" \/>\n<meta property=\"og:description\" content=\"Janu\u00e1r 26-\u00e1n az \u201e\u00c1d\u00e1mok \u00e9s \u00c9v\u00e1k \u00fcnnepe\u201d fell\u00e9p\u0151i, k\u00f6zt\u00fck iskol\u00e1nkb\u00f3l Bacz\u00far Lilla, Laczk\u00f3 Enik\u0151, T\u00f3bi\u00e1s Petra, Beleznay N\u00f3ra, Schmidt Hajnalka, Sinka M\u00e1t\u00e9 a Szigligeti Sz\u00ednh\u00e1zban ny\u00fajtott kiv\u00e1l\u00f3 szerepl\u00e9s\u00fck\u00e9rt Szolnok Megyei Jog\u00fa V\u00e1ros \u00d6nkorm\u00e1nyzata j\u00f3volt\u00e1b\u00f3l jutalomkir\u00e1ndul\u00e1son vehettek r\u00e9szt: Budapesten, a Nemzeti Olvasson tov\u00e1bb ...\" \/>\n<meta property=\"og:url\" content=\"https:\/\/hajnoczy.com\/wp\/2024\/01\/31\/hajnoczysok-a-nemzeti-szinhazban\/\" \/>\n<meta property=\"og:site_name\" content=\"HJG\" \/>\n<meta property=\"article:published_time\" content=\"2024-01-31T06:07:10+00:00\" \/>\n<meta property=\"article:modified_time\" content=\"2024-01-31T07:04:03+00:00\" \/>\n<meta property=\"og:image\" content=\"https:\/\/hajnoczy.com\/wp\/wp-content\/uploads\/2024\/01\/KATona_szinhaz.jpg\" \/>\n\t<meta property=\"og:image:width\" content=\"2048\" \/>\n\t<meta property=\"og:image:height\" content=\"1536\" \/>\n\t<meta property=\"og:image:type\" content=\"image\/jpeg\" \/>\n<meta name=\"author\" content=\"administrator\" \/>\n<meta name=\"twitter:card\" content=\"summary_large_image\" \/>\n<meta name=\"twitter:label1\" content=\"Szerz\u0151:\" \/>\n\t<meta name=\"twitter:data1\" content=\"administrator\" \/>\n\t<meta name=\"twitter:label2\" content=\"Becs\u00fclt olvas\u00e1si id\u0151\" \/>\n\t<meta name=\"twitter:data2\" content=\"1 perc\" \/>\n<script type=\"application\/ld+json\" class=\"yoast-schema-graph\">{\"@context\":\"https:\/\/schema.org\",\"@graph\":[{\"@type\":\"Article\",\"@id\":\"https:\/\/hajnoczy.com\/wp\/2024\/01\/31\/hajnoczysok-a-nemzeti-szinhazban\/#article\",\"isPartOf\":{\"@id\":\"https:\/\/hajnoczy.com\/wp\/2024\/01\/31\/hajnoczysok-a-nemzeti-szinhazban\/\"},\"author\":{\"name\":\"administrator\",\"@id\":\"http:\/\/hajnoczy.com\/wp\/#\/schema\/person\/4344b3d03a831ddb709cb792e05b58f4\"},\"headline\":\"Hajn\u00f3czysok a Nemzeti Sz\u00ednh\u00e1zban\",\"datePublished\":\"2024-01-31T06:07:10+00:00\",\"dateModified\":\"2024-01-31T07:04:03+00:00\",\"mainEntityOfPage\":{\"@id\":\"https:\/\/hajnoczy.com\/wp\/2024\/01\/31\/hajnoczysok-a-nemzeti-szinhazban\/\"},\"wordCount\":139,\"commentCount\":0,\"publisher\":{\"@id\":\"http:\/\/hajnoczy.com\/wp\/#organization\"},\"image\":{\"@id\":\"https:\/\/hajnoczy.com\/wp\/2024\/01\/31\/hajnoczysok-a-nemzeti-szinhazban\/#primaryimage\"},\"thumbnailUrl\":\"https:\/\/hajnoczy.com\/wp\/wp-content\/uploads\/2024\/01\/KATona_szinhaz.jpg\",\"articleSection\":[\"H\u00edrek, aktualit\u00e1sok\"],\"inLanguage\":\"hu\",\"potentialAction\":[{\"@type\":\"CommentAction\",\"name\":\"Comment\",\"target\":[\"https:\/\/hajnoczy.com\/wp\/2024\/01\/31\/hajnoczysok-a-nemzeti-szinhazban\/#respond\"]}]},{\"@type\":\"WebPage\",\"@id\":\"https:\/\/hajnoczy.com\/wp\/2024\/01\/31\/hajnoczysok-a-nemzeti-szinhazban\/\",\"url\":\"https:\/\/hajnoczy.com\/wp\/2024\/01\/31\/hajnoczysok-a-nemzeti-szinhazban\/\",\"name\":\"Hajn\u00f3czysok a Nemzeti Sz\u00ednh\u00e1zban - HJG\",\"isPartOf\":{\"@id\":\"http:\/\/hajnoczy.com\/wp\/#website\"},\"primaryImageOfPage\":{\"@id\":\"https:\/\/hajnoczy.com\/wp\/2024\/01\/31\/hajnoczysok-a-nemzeti-szinhazban\/#primaryimage\"},\"image\":{\"@id\":\"https:\/\/hajnoczy.com\/wp\/2024\/01\/31\/hajnoczysok-a-nemzeti-szinhazban\/#primaryimage\"},\"thumbnailUrl\":\"https:\/\/hajnoczy.com\/wp\/wp-content\/uploads\/2024\/01\/KATona_szinhaz.jpg\",\"datePublished\":\"2024-01-31T06:07:10+00:00\",\"dateModified\":\"2024-01-31T07:04:03+00:00\",\"breadcrumb\":{\"@id\":\"https:\/\/hajnoczy.com\/wp\/2024\/01\/31\/hajnoczysok-a-nemzeti-szinhazban\/#breadcrumb\"},\"inLanguage\":\"hu\",\"potentialAction\":[{\"@type\":\"ReadAction\",\"target\":[\"https:\/\/hajnoczy.com\/wp\/2024\/01\/31\/hajnoczysok-a-nemzeti-szinhazban\/\"]}]},{\"@type\":\"ImageObject\",\"inLanguage\":\"hu\",\"@id\":\"https:\/\/hajnoczy.com\/wp\/2024\/01\/31\/hajnoczysok-a-nemzeti-szinhazban\/#primaryimage\",\"url\":\"https:\/\/hajnoczy.com\/wp\/wp-content\/uploads\/2024\/01\/KATona_szinhaz.jpg\",\"contentUrl\":\"https:\/\/hajnoczy.com\/wp\/wp-content\/uploads\/2024\/01\/KATona_szinhaz.jpg\",\"width\":2048,\"height\":1536},{\"@type\":\"BreadcrumbList\",\"@id\":\"https:\/\/hajnoczy.com\/wp\/2024\/01\/31\/hajnoczysok-a-nemzeti-szinhazban\/#breadcrumb\",\"itemListElement\":[{\"@type\":\"ListItem\",\"position\":1,\"name\":\"Kezd\u0151lap\",\"item\":\"http:\/\/hajnoczy.com\/wp\/\"},{\"@type\":\"ListItem\",\"position\":2,\"name\":\"Hajn\u00f3czysok a Nemzeti Sz\u00ednh\u00e1zban\"}]},{\"@type\":\"WebSite\",\"@id\":\"http:\/\/hajnoczy.com\/wp\/#website\",\"url\":\"http:\/\/hajnoczy.com\/wp\/\",\"name\":\"HJG\",\"description\":\"Hajn\u00f3czy J\u00f3zsef Gimn\u00e1zium, Hum\u00e1n Szakgimn\u00e1zium \u00e9s Koll\u00e9gium\",\"publisher\":{\"@id\":\"http:\/\/hajnoczy.com\/wp\/#organization\"},\"potentialAction\":[{\"@type\":\"SearchAction\",\"target\":{\"@type\":\"EntryPoint\",\"urlTemplate\":\"http:\/\/hajnoczy.com\/wp\/?s={search_term_string}\"},\"query-input\":\"required name=search_term_string\"}],\"inLanguage\":\"hu\"},{\"@type\":\"Organization\",\"@id\":\"http:\/\/hajnoczy.com\/wp\/#organization\",\"name\":\"HJG\",\"url\":\"http:\/\/hajnoczy.com\/wp\/\",\"logo\":{\"@type\":\"ImageObject\",\"inLanguage\":\"hu\",\"@id\":\"http:\/\/hajnoczy.com\/wp\/#\/schema\/logo\/image\/\",\"url\":\"https:\/\/hajnoczy.com\/wp\/wp-content\/uploads\/2020\/10\/cropped-hjg_logo_small.png\",\"contentUrl\":\"https:\/\/hajnoczy.com\/wp\/wp-content\/uploads\/2020\/10\/cropped-hjg_logo_small.png\",\"width\":75,\"height\":75,\"caption\":\"HJG\"},\"image\":{\"@id\":\"http:\/\/hajnoczy.com\/wp\/#\/schema\/logo\/image\/\"}},{\"@type\":\"Person\",\"@id\":\"http:\/\/hajnoczy.com\/wp\/#\/schema\/person\/4344b3d03a831ddb709cb792e05b58f4\",\"name\":\"administrator\",\"image\":{\"@type\":\"ImageObject\",\"inLanguage\":\"hu\",\"@id\":\"http:\/\/hajnoczy.com\/wp\/#\/schema\/person\/image\/\",\"url\":\"https:\/\/secure.gravatar.com\/avatar\/ff06296ecb6c99dcafbc8bf1354fe5fb?s=96&d=mm&r=g\",\"contentUrl\":\"https:\/\/secure.gravatar.com\/avatar\/ff06296ecb6c99dcafbc8bf1354fe5fb?s=96&d=mm&r=g\",\"caption\":\"administrator\"},\"sameAs\":[\"http:\/\/hajnoczy.com\/wp\"],\"url\":\"https:\/\/hajnoczy.com\/wp\/author\/administrator\/\"}]}<\/script>\n<!-- \/ Yoast SEO plugin. -->","yoast_head_json":{"title":"Hajn\u00f3czysok a Nemzeti Sz\u00ednh\u00e1zban - HJG","robots":{"index":"index","follow":"follow","max-snippet":"max-snippet:-1","max-image-preview":"max-image-preview:large","max-video-preview":"max-video-preview:-1"},"canonical":"https:\/\/hajnoczy.com\/wp\/2024\/01\/31\/hajnoczysok-a-nemzeti-szinhazban\/","og_locale":"hu_HU","og_type":"article","og_title":"Hajn\u00f3czysok a Nemzeti Sz\u00ednh\u00e1zban - HJG","og_description":"Janu\u00e1r 26-\u00e1n az \u201e\u00c1d\u00e1mok \u00e9s \u00c9v\u00e1k \u00fcnnepe\u201d fell\u00e9p\u0151i, k\u00f6zt\u00fck iskol\u00e1nkb\u00f3l Bacz\u00far Lilla, Laczk\u00f3 Enik\u0151, T\u00f3bi\u00e1s Petra, Beleznay N\u00f3ra, Schmidt Hajnalka, Sinka M\u00e1t\u00e9 a Szigligeti Sz\u00ednh\u00e1zban ny\u00fajtott kiv\u00e1l\u00f3 szerepl\u00e9s\u00fck\u00e9rt Szolnok Megyei Jog\u00fa V\u00e1ros \u00d6nkorm\u00e1nyzata j\u00f3volt\u00e1b\u00f3l jutalomkir\u00e1ndul\u00e1son vehettek r\u00e9szt: Budapesten, a Nemzeti Olvasson tov\u00e1bb ...","og_url":"https:\/\/hajnoczy.com\/wp\/2024\/01\/31\/hajnoczysok-a-nemzeti-szinhazban\/","og_site_name":"HJG","article_published_time":"2024-01-31T06:07:10+00:00","article_modified_time":"2024-01-31T07:04:03+00:00","og_image":[{"width":2048,"height":1536,"url":"https:\/\/hajnoczy.com\/wp\/wp-content\/uploads\/2024\/01\/KATona_szinhaz.jpg","type":"image\/jpeg"}],"author":"administrator","twitter_card":"summary_large_image","twitter_misc":{"Szerz\u0151:":"administrator","Becs\u00fclt olvas\u00e1si id\u0151":"1 perc"},"schema":{"@context":"https:\/\/schema.org","@graph":[{"@type":"Article","@id":"https:\/\/hajnoczy.com\/wp\/2024\/01\/31\/hajnoczysok-a-nemzeti-szinhazban\/#article","isPartOf":{"@id":"https:\/\/hajnoczy.com\/wp\/2024\/01\/31\/hajnoczysok-a-nemzeti-szinhazban\/"},"author":{"name":"administrator","@id":"http:\/\/hajnoczy.com\/wp\/#\/schema\/person\/4344b3d03a831ddb709cb792e05b58f4"},"headline":"Hajn\u00f3czysok a Nemzeti Sz\u00ednh\u00e1zban","datePublished":"2024-01-31T06:07:10+00:00","dateModified":"2024-01-31T07:04:03+00:00","mainEntityOfPage":{"@id":"https:\/\/hajnoczy.com\/wp\/2024\/01\/31\/hajnoczysok-a-nemzeti-szinhazban\/"},"wordCount":139,"commentCount":0,"publisher":{"@id":"http:\/\/hajnoczy.com\/wp\/#organization"},"image":{"@id":"https:\/\/hajnoczy.com\/wp\/2024\/01\/31\/hajnoczysok-a-nemzeti-szinhazban\/#primaryimage"},"thumbnailUrl":"https:\/\/hajnoczy.com\/wp\/wp-content\/uploads\/2024\/01\/KATona_szinhaz.jpg","articleSection":["H\u00edrek, aktualit\u00e1sok"],"inLanguage":"hu","potentialAction":[{"@type":"CommentAction","name":"Comment","target":["https:\/\/hajnoczy.com\/wp\/2024\/01\/31\/hajnoczysok-a-nemzeti-szinhazban\/#respond"]}]},{"@type":"WebPage","@id":"https:\/\/hajnoczy.com\/wp\/2024\/01\/31\/hajnoczysok-a-nemzeti-szinhazban\/","url":"https:\/\/hajnoczy.com\/wp\/2024\/01\/31\/hajnoczysok-a-nemzeti-szinhazban\/","name":"Hajn\u00f3czysok a Nemzeti Sz\u00ednh\u00e1zban - HJG","isPartOf":{"@id":"http:\/\/hajnoczy.com\/wp\/#website"},"primaryImageOfPage":{"@id":"https:\/\/hajnoczy.com\/wp\/2024\/01\/31\/hajnoczysok-a-nemzeti-szinhazban\/#primaryimage"},"image":{"@id":"https:\/\/hajnoczy.com\/wp\/2024\/01\/31\/hajnoczysok-a-nemzeti-szinhazban\/#primaryimage"},"thumbnailUrl":"https:\/\/hajnoczy.com\/wp\/wp-content\/uploads\/2024\/01\/KATona_szinhaz.jpg","datePublished":"2024-01-31T06:07:10+00:00","dateModified":"2024-01-31T07:04:03+00:00","breadcrumb":{"@id":"https:\/\/hajnoczy.com\/wp\/2024\/01\/31\/hajnoczysok-a-nemzeti-szinhazban\/#breadcrumb"},"inLanguage":"hu","potentialAction":[{"@type":"ReadAction","target":["https:\/\/hajnoczy.com\/wp\/2024\/01\/31\/hajnoczysok-a-nemzeti-szinhazban\/"]}]},{"@type":"ImageObject","inLanguage":"hu","@id":"https:\/\/hajnoczy.com\/wp\/2024\/01\/31\/hajnoczysok-a-nemzeti-szinhazban\/#primaryimage","url":"https:\/\/hajnoczy.com\/wp\/wp-content\/uploads\/2024\/01\/KATona_szinhaz.jpg","contentUrl":"https:\/\/hajnoczy.com\/wp\/wp-content\/uploads\/2024\/01\/KATona_szinhaz.jpg","width":2048,"height":1536},{"@type":"BreadcrumbList","@id":"https:\/\/hajnoczy.com\/wp\/2024\/01\/31\/hajnoczysok-a-nemzeti-szinhazban\/#breadcrumb","itemListElement":[{"@type":"ListItem","position":1,"name":"Kezd\u0151lap","item":"http:\/\/hajnoczy.com\/wp\/"},{"@type":"ListItem","position":2,"name":"Hajn\u00f3czysok a Nemzeti Sz\u00ednh\u00e1zban"}]},{"@type":"WebSite","@id":"http:\/\/hajnoczy.com\/wp\/#website","url":"http:\/\/hajnoczy.com\/wp\/","name":"HJG","description":"Hajn\u00f3czy J\u00f3zsef Gimn\u00e1zium, Hum\u00e1n Szakgimn\u00e1zium \u00e9s Koll\u00e9gium","publisher":{"@id":"http:\/\/hajnoczy.com\/wp\/#organization"},"potentialAction":[{"@type":"SearchAction","target":{"@type":"EntryPoint","urlTemplate":"http:\/\/hajnoczy.com\/wp\/?s={search_term_string}"},"query-input":"required name=search_term_string"}],"inLanguage":"hu"},{"@type":"Organization","@id":"http:\/\/hajnoczy.com\/wp\/#organization","name":"HJG","url":"http:\/\/hajnoczy.com\/wp\/","logo":{"@type":"ImageObject","inLanguage":"hu","@id":"http:\/\/hajnoczy.com\/wp\/#\/schema\/logo\/image\/","url":"https:\/\/hajnoczy.com\/wp\/wp-content\/uploads\/2020\/10\/cropped-hjg_logo_small.png","contentUrl":"https:\/\/hajnoczy.com\/wp\/wp-content\/uploads\/2020\/10\/cropped-hjg_logo_small.png","width":75,"height":75,"caption":"HJG"},"image":{"@id":"http:\/\/hajnoczy.com\/wp\/#\/schema\/logo\/image\/"}},{"@type":"Person","@id":"http:\/\/hajnoczy.com\/wp\/#\/schema\/person\/4344b3d03a831ddb709cb792e05b58f4","name":"administrator","image":{"@type":"ImageObject","inLanguage":"hu","@id":"http:\/\/hajnoczy.com\/wp\/#\/schema\/person\/image\/","url":"https:\/\/secure.gravatar.com\/avatar\/ff06296ecb6c99dcafbc8bf1354fe5fb?s=96&d=mm&r=g","contentUrl":"https:\/\/secure.gravatar.com\/avatar\/ff06296ecb6c99dcafbc8bf1354fe5fb?s=96&d=mm&r=g","caption":"administrator"},"sameAs":["http:\/\/hajnoczy.com\/wp"],"url":"https:\/\/hajnoczy.com\/wp\/author\/administrator\/"}]}},"_links":{"self":[{"href":"https:\/\/hajnoczy.com\/wp\/wp-json\/wp\/v2\/posts\/1566"}],"collection":[{"href":"https:\/\/hajnoczy.com\/wp\/wp-json\/wp\/v2\/posts"}],"about":[{"href":"https:\/\/hajnoczy.com\/wp\/wp-json\/wp\/v2\/types\/post"}],"author":[{"embeddable":true,"href":"https:\/\/hajnoczy.com\/wp\/wp-json\/wp\/v2\/users\/1"}],"replies":[{"embeddable":true,"href":"https:\/\/hajnoczy.com\/wp\/wp-json\/wp\/v2\/comments?post=1566"}],"version-history":[{"count":1,"href":"https:\/\/hajnoczy.com\/wp\/wp-json\/wp\/v2\/posts\/1566\/revisions"}],"predecessor-version":[{"id":1568,"href":"https:\/\/hajnoczy.com\/wp\/wp-json\/wp\/v2\/posts\/1566\/revisions\/1568"}],"wp:featuredmedia":[{"embeddable":true,"href":"https:\/\/hajnoczy.com\/wp\/wp-json\/wp\/v2\/media\/1567"}],"wp:attachment":[{"href":"https:\/\/hajnoczy.com\/wp\/wp-json\/wp\/v2\/media?parent=1566"}],"wp:term":[{"taxonomy":"category","embeddable":true,"href":"https:\/\/hajnoczy.com\/wp\/wp-json\/wp\/v2\/categories?post=1566"},{"taxonomy":"post_tag","embeddable":true,"href":"https:\/\/hajnoczy.com\/wp\/wp-json\/wp\/v2\/tags?post=1566"}],"curies":[{"name":"wp","href":"https:\/\/api.w.org\/{rel}","templated":true}]}}